{"id":4130,"date":"2021-04-20T11:59:41","date_gmt":"2021-04-20T09:59:41","guid":{"rendered":"http:\/\/agora.xtec.cat\/zer-pedrera\/?p=4130"},"modified":"2021-04-20T12:02:32","modified_gmt":"2021-04-20T10:02:32","slug":"un-resum-del-que-fou-una-gran-jornada-mediambiental","status":"publish","type":"post","link":"https:\/\/agora.xtec.cat\/zer-pedrera\/general\/un-resum-del-que-fou-una-gran-jornada-mediambiental\/","title":{"rendered":"Un resum del que fou una gran jornada mediambiental!"},"content":{"rendered":"<p>El passat divendres 16 d&#8217;abril, l&#8217;escola Abat Ruera va celebrar la seva &#8220;Jornada Mediambiental&#8221;. Va ser una gran jornada amb molts tallers que van satisfer, amb escreix, les expectatives i els interessos del nostre alumnat.<\/p>\n<p>Ens ho vam passar molt b\u00e9 i, sobretot, vam aprendre molt i molt!!!<\/p>\n<p>Heus aqu\u00ed un resum en imatges del que fou un dia que mai oblidarem!<\/p>\n<p>&nbsp;<\/p>\n<p><strong>Taller &#8220;fauna a l&#8217;aula&#8221;<\/strong><\/p>\n<p>Els\/les alumnes que van voler van portar animalons a l&#8217;escola ens van explicar com s&#8217;ho feien per cuidar-los i ens en van explicar les seves caracter\u00edstiques i peculiaritats: gallines, pollets i fins i tot h\u00e0msters! Els i les alumnes de Cicle Inicial ens van explicar moltes coses de les gallines i dels animals ov\u00edpars.Tamb\u00e9 vam comen\u00e7ar a criar els nostres pollets de guatlla recent nascuts&#8230; 10 pollets que ens van donar justament quan havien acabat de sortir de l&#8217;ou! Va ser emocionant! Ara els tenim a l&#8217;escola i els volem fer grans! Per aix\u00f2 els donem molt menjar i procurem que estiguin ben calentons! Finalment, com que estem molt interessats\/-des amb els pollets i ens fascinaria veure com trenquen la closca i surten de l&#8217;ou, hem posat en marxa una incubadora amb 16 ous de gallina! No deixa de ser un experiment&#8230; Tindrem pollets o no tindrem pollets!<\/p>\n<p><strong>No us perdeu les fotos del taller&#8230; CLIQUEU SOBRE LA IMATGE!\u00a0<\/strong><\/p>\n<p><a href=\"https:\/\/photos.app.goo.gl\/wJTV6nAZWgFXo4uY8\" target=\"_blank\" rel=\"noopener noreferrer\"><img loading=\"lazy\" decoding=\"async\" class=\"aligncenter size-full wp-image-4131\" src=\"https:\/\/agora.xtec.cat\/zer-pedrera\/wp-content\/uploads\/usu1473\/2021\/04\/Pollets.jpeg\" alt=\"\" width=\"666\" height=\"375\" srcset=\"https:\/\/agora.xtec.cat\/zer-pedrera\/wp-content\/uploads\/usu1473\/2021\/04\/Pollets.jpeg 666w, https:\/\/agora.xtec.cat\/zer-pedrera\/wp-content\/uploads\/usu1473\/2021\/04\/Pollets-300x169.jpeg 300w\" sizes=\"auto, (max-width: 666px) 100vw, 666px\" \/><\/a><\/p>\n<p>&nbsp;<\/p>\n<p><strong>Taller &#8220;som hortolans&#8221;<\/strong><\/p>\n<p>Des dels m\u00e9s petitons de l&#8217;escola, els d&#8217;Educaci\u00f3 Infantil, fins als m\u00e9s grans, Educaci\u00f3 Prim\u00e0ria,hem pogut experimentar les sensacions que\u00a0 suposa ser hortol\u00e0. A Educaci\u00f3 Infantil, nens i nenes han fet un taller en el qual pretenen que les llavors que han plantat germinin i esdevinguin una planta. Ho han fet posant terra en un test transparent i col\u00b7locant les llavors en un lateral per tal de poder observar el proc\u00e9s de germinaci\u00f3 i creixement. Educaci\u00f3 Prim\u00e0ria, en canvi, ja estan preparats per poder-se fer c\u00e0rrec de tot un hort! Cicle Inicial cuida les plantes arom\u00e0tiques que van plantar temps enrere. Cicle Mitj\u00e0 i Superior, en canvi, han apostat per un hort productiu: tom\u00e0quets xerri, enciams, r\u00e0vens i carabassons. Podrem assaborir els productes del nostre hort ecol\u00f2gic?<\/p>\n<p><strong>No us perdeu les fotos del taller&#8230; CLIQUEU SOBRE LA IMATGE!\u00a0<\/strong><\/p>\n<p><a href=\"https:\/\/photos.app.goo.gl\/pQuoP4nSvCa4Xqbp7\" target=\"_blank\" rel=\"noopener noreferrer\"><img loading=\"lazy\" decoding=\"async\" class=\"aligncenter size-full wp-image-4132\" src=\"https:\/\/agora.xtec.cat\/zer-pedrera\/wp-content\/uploads\/usu1473\/2021\/04\/Hort.jpg\" alt=\"\" width=\"745\" height=\"335\" srcset=\"https:\/\/agora.xtec.cat\/zer-pedrera\/wp-content\/uploads\/usu1473\/2021\/04\/Hort.jpg 745w, https:\/\/agora.xtec.cat\/zer-pedrera\/wp-content\/uploads\/usu1473\/2021\/04\/Hort-300x135.jpg 300w\" sizes=\"auto, (max-width: 745px) 100vw, 745px\" \/><\/a><\/p>\n<p>&nbsp;<\/p>\n<p><strong>Taller &#8220;hotel d&#8217;insectes&#8221;<\/strong><\/p>\n<p>I com hem gaudit els i les alumnes de Cicle Mitj\u00e0 i Cicle Superior dissenyant i construint l&#8217;hotel &#8220;cinc estrelles&#8221; per als insectes del nostre pati! Hem tallat canyes, hem constru\u00eft trams de paret amb molts forats, hem fet una g\u00e0bia de pinyes, hem disposat els materials per tal que els animalons m\u00e9s petits s&#8217;hi puguin resguardar i fer de guardians del nostre hort&#8230; Tot plegat perqu\u00e8 estimem la natura i cada un dels \u00e9ssers que en formen part. Voleu veure el nostre hotel d&#8217;insectes?<\/p>\n<p><strong>No us perdeu les fotos del taller&#8230; CLIQUEU SOBRE LA IMATGE!\u00a0<\/strong><\/p>\n<p><a href=\"https:\/\/photos.app.goo.gl\/T7c3yAy41RXzcgqi9\" target=\"_blank\" rel=\"noopener noreferrer\"><img loading=\"lazy\" decoding=\"async\" class=\"aligncenter size-full wp-image-4133\" src=\"https:\/\/agora.xtec.cat\/zer-pedrera\/wp-content\/uploads\/usu1473\/2021\/04\/Hotel.jpg\" alt=\"\" width=\"745\" height=\"335\" srcset=\"https:\/\/agora.xtec.cat\/zer-pedrera\/wp-content\/uploads\/usu1473\/2021\/04\/Hotel.jpg 745w, https:\/\/agora.xtec.cat\/zer-pedrera\/wp-content\/uploads\/usu1473\/2021\/04\/Hotel-300x135.jpg 300w\" sizes=\"auto, (max-width: 745px) 100vw, 745px\" \/><\/a><\/p>\n<p>&nbsp;<\/p>\n<p><strong>Taller &#8220;menjadores per a ocells&#8221;<\/strong><\/p>\n<p>Pobrets ocellets&#8230; Quan fa fred i tenen molta feina a trobar el seu menjar ho deuen passar molt malament. Com que volem que aix\u00f2 no passi, els nens i nenes d&#8217;Educaci\u00f3 Infantil i Cicle Inicial hem constru\u00eft menjadores per a ells! Ja pot escassejar el menjar! A l&#8217;escola Abat Ruera tindran el refugi on alimentar-se! I a m\u00e9s, tots els nens i nenes s&#8217;han pogut endur cap a casa una menjadora per tal que les respectives llars esdevinguin, tamb\u00e9, refugis per a ocells!<\/p>\n<p><strong>No us perdeu les fotos del taller&#8230; CLIQUEU SOBRE LA IMATGE!\u00a0<\/strong><\/p>\n<p><a href=\"https:\/\/photos.app.goo.gl\/CieQSYajFT8KdS8C7\" target=\"_blank\" rel=\"noopener noreferrer\"><img loading=\"lazy\" decoding=\"async\" class=\"aligncenter size-full wp-image-4134\" src=\"https:\/\/agora.xtec.cat\/zer-pedrera\/wp-content\/uploads\/usu1473\/2021\/04\/Menjadores.jpeg\" alt=\"\" width=\"666\" height=\"375\" srcset=\"https:\/\/agora.xtec.cat\/zer-pedrera\/wp-content\/uploads\/usu1473\/2021\/04\/Menjadores.jpeg 666w, https:\/\/agora.xtec.cat\/zer-pedrera\/wp-content\/uploads\/usu1473\/2021\/04\/Menjadores-300x169.jpeg 300w\" sizes=\"auto, (max-width: 666px) 100vw, 666px\" \/><\/a><\/p>\n<p>&nbsp;<\/p>\n<p><strong>Taller amb els Agents Rurals i alliberament de fauna salvatge<\/strong><\/p>\n<p>El colof\u00f3 a la nostra jornada mediambiental l&#8217;han posat els Agents Rurals. Ens han explicat quines s\u00f3n les seves funcions, els seus \u00e0mbits d&#8217;actuaci\u00f3 i ens han conscienciat sobre els perills als quals est\u00e0 exposat el medi ambient, amb la fauna i la flora que en forma part.<\/p>\n<p>Hem pogut veure com s&#8217;ho fan per captar imatges espectaculars de fauna salvatge, ens han explicat fil per randa com ho fan per investigar l&#8217;origen dels incendis, ens han deixat tocar banyes de c\u00e9rvol, daina, isard i cabirol i finalment, hem pogut tocar una llarga serp abans de ser retornada al medi despr\u00e9s d&#8217;haver-se recuperat de greus ferides i el mateix hem fet amb un aligot!!! Quina passada!<\/p>\n<p><strong>No us perdeu les fotos del taller&#8230; CLIQUEU SOBRE LA IMATGE!\u00a0<\/strong><\/p>\n<p><a href=\"https:\/\/photos.app.goo.gl\/Jk4z8Wdc1eZVgVKi6\" target=\"_blank\" rel=\"noopener noreferrer\"><img loading=\"lazy\" decoding=\"async\" class=\"aligncenter size-full wp-image-4135\" src=\"https:\/\/agora.xtec.cat\/zer-pedrera\/wp-content\/uploads\/usu1473\/2021\/04\/Alliberament.jpg\" alt=\"\" width=\"666\" height=\"375\" srcset=\"https:\/\/agora.xtec.cat\/zer-pedrera\/wp-content\/uploads\/usu1473\/2021\/04\/Alliberament.jpg 666w, https:\/\/agora.xtec.cat\/zer-pedrera\/wp-content\/uploads\/usu1473\/2021\/04\/Alliberament-300x169.jpg 300w\" sizes=\"auto, (max-width: 666px) 100vw, 666px\" \/><\/a><\/p>\n<p>&nbsp;<\/p>\n<p><strong>El v\u00eddeo de l&#8217;alliberament de l&#8217;aligot &#8220;Abat&#8221;<\/strong><\/p>\n<p><iframe loading=\"lazy\" title=\"Alliberament aligot &quot;Abat&quot;\" width=\"500\" height=\"281\" src=\"https:\/\/www.youtube.com\/embed\/LshnPfzDn8w?feature=oembed\" frameborder=\"0\" allow=\"accelerometer; autoplay; clipboard-write; encrypted-media; gyroscope; picture-in-picture; web-share\" referrerpolicy=\"strict-origin-when-cross-origin\" allowfullscreen><\/iframe><\/p>\n","protected":false},"excerpt":{"rendered":"<p>El passat divendres 16 d&#8217;abril, l&#8217;escola Abat Ruera va celebrar la seva &#8220;Jornada Mediambiental&#8221;. Va ser una gran jornada amb molts tallers que van satisfer, amb escreix, les expectatives i els interessos del nostre alumnat.<br \/>\nEns ho vam passar molt b\u00e9 i, sobretot, vam aprendre molt&hellip;  <a href=\"https:\/\/agora.xtec.cat\/zer-pedrera\/general\/un-resum-del-que-fou-una-gran-jornada-mediambiental\/\" title=\"Read Un resum del que fou una gran jornada mediambiental!\">Llegeix m\u00e9s\u00bb<\/a><\/p>\n","protected":false},"author":1,"featured_media":4135,"comment_status":"open","ping_status":"closed","sticky":false,"template":"","format":"standard","meta":{"_bbp_topic_count":0,"_bbp_reply_count":0,"_bbp_total_topic_count":0,"_bbp_total_reply_count":0,"_bbp_voice_count":0,"_bbp_anonymous_reply_count":0,"_bbp_topic_count_hidden":0,"_bbp_reply_count_hidden":0,"_bbp_forum_subforum_count":0,"footnotes":""},"categories":[113,110,1,114,116,29,89,120],"tags":[],"class_list":["post-4130","post","type-post","status-publish","format-standard","has-post-thumbnail","hentry","category-e-infantil","category-escola-abat-ruera","category-general","category-hort","category-medi","category-portada","category-primaria","category-projectes"],"post_mailing_queue_ids":[],"_links":{"self":[{"href":"https:\/\/agora.xtec.cat\/zer-pedrera\/wp-json\/wp\/v2\/posts\/4130","targetHints":{"allow":["GET"]}}],"collection":[{"href":"https:\/\/agora.xtec.cat\/zer-pedrera\/wp-json\/wp\/v2\/posts"}],"about":[{"href":"https:\/\/agora.xtec.cat\/zer-pedrera\/wp-json\/wp\/v2\/types\/post"}],"author":[{"embeddable":true,"href":"https:\/\/agora.xtec.cat\/zer-pedrera\/wp-json\/wp\/v2\/users\/1"}],"replies":[{"embeddable":true,"href":"https:\/\/agora.xtec.cat\/zer-pedrera\/wp-json\/wp\/v2\/comments?post=4130"}],"version-history":[{"count":1,"href":"https:\/\/agora.xtec.cat\/zer-pedrera\/wp-json\/wp\/v2\/posts\/4130\/revisions"}],"predecessor-version":[{"id":4136,"href":"https:\/\/agora.xtec.cat\/zer-pedrera\/wp-json\/wp\/v2\/posts\/4130\/revisions\/4136"}],"wp:featuredmedia":[{"embeddable":true,"href":"https:\/\/agora.xtec.cat\/zer-pedrera\/wp-json\/wp\/v2\/media\/4135"}],"wp:attachment":[{"href":"https:\/\/agora.xtec.cat\/zer-pedrera\/wp-json\/wp\/v2\/media?parent=4130"}],"wp:term":[{"taxonomy":"category","embeddable":true,"href":"https:\/\/agora.xtec.cat\/zer-pedrera\/wp-json\/wp\/v2\/categories?post=4130"},{"taxonomy":"post_tag","embeddable":true,"href":"https:\/\/agora.xtec.cat\/zer-pedrera\/wp-json\/wp\/v2\/tags?post=4130"}],"curies":[{"name":"wp","href":"https:\/\/api.w.org\/{rel}","templated":true}]}}