{"id":4100,"date":"2021-04-11T23:34:09","date_gmt":"2021-04-11T21:34:09","guid":{"rendered":"http:\/\/agora.xtec.cat\/zer-pedrera\/?p=4100"},"modified":"2021-04-12T23:05:25","modified_gmt":"2021-04-12T21:05:25","slug":"treballem-lestadistica-ei-i-ci-de-lescola-porcel-de-cervera","status":"publish","type":"post","link":"https:\/\/agora.xtec.cat\/zer-pedrera\/portada\/treballem-lestadistica-ei-i-ci-de-lescola-porcel-de-cervera\/","title":{"rendered":"Treballem l&#8217;estad\u00edstica. EI i CI de l&#8217;escola Porcel de Cervera."},"content":{"rendered":"<p>Des de l&#8217;inici de curs, cada mes treballem l&#8217;estad\u00edstica amb el temps. Cada mat\u00ed, el nen o nena que fa de pastoret o pastoreta, pinta en una graella el temps que fa. Quan finalitza cada mes, n&#8217;interpretem les dades i observem quin \u00e9s el temps que ha predominat aquell mes. Aquesta vegada, a m\u00e9s, hem utilitzar les peces de Lego per a realitzar un gr\u00e0fic de barres, una manera diferent i que ens ha agradat d&#8217;all\u00f2 m\u00e9s.<\/p>\n<p>Si voleu veure&#8217;n les fotos, cliqueu al dibuix.<a href=\"https:\/\/photos.app.goo.gl\/SUGBwzzbEj1uGZZD7\">\u00a0\ud83c\udf26<\/a><\/p>\n","protected":false},"excerpt":{"rendered":"<p>Des de l&#8217;inici de curs, cada mes treballem l&#8217;estad\u00edstica amb el temps. Cada mat\u00ed, el nen o nena que fa de pastoret o pastoreta, pinta en una graella el temps que fa. Quan finalitza cada mes, n&#8217;interpretem les dades i observem quin \u00e9s el temps&hellip;  <a href=\"https:\/\/agora.xtec.cat\/zer-pedrera\/portada\/treballem-lestadistica-ei-i-ci-de-lescola-porcel-de-cervera\/\" title=\"Read Treballem l&#8217;estad\u00edstica. EI i CI de l&#8217;escola Porcel de Cervera.\">Llegeix m\u00e9s\u00bb<\/a><\/p>\n","protected":false},"author":1,"featured_media":0,"comment_status":"open","ping_status":"closed","sticky":false,"template":"","format":"standard","meta":{"_bbp_topic_count":0,"_bbp_reply_count":0,"_bbp_total_topic_count":0,"_bbp_total_reply_count":0,"_bbp_voice_count":0,"_bbp_anonymous_reply_count":0,"_bbp_topic_count_hidden":0,"_bbp_reply_count_hidden":0,"_bbp_forum_subforum_count":0,"footnotes":""},"categories":[113,111,29,89],"tags":[],"class_list":["post-4100","post","type-post","status-publish","format-standard","hentry","category-e-infantil","category-escola-porcel-de-cervera","category-portada","category-primaria"],"post_mailing_queue_ids":[],"_links":{"self":[{"href":"https:\/\/agora.xtec.cat\/zer-pedrera\/wp-json\/wp\/v2\/posts\/4100","targetHints":{"allow":["GET"]}}],"collection":[{"href":"https:\/\/agora.xtec.cat\/zer-pedrera\/wp-json\/wp\/v2\/posts"}],"about":[{"href":"https:\/\/agora.xtec.cat\/zer-pedrera\/wp-json\/wp\/v2\/types\/post"}],"author":[{"embeddable":true,"href":"https:\/\/agora.xtec.cat\/zer-pedrera\/wp-json\/wp\/v2\/users\/1"}],"replies":[{"embeddable":true,"href":"https:\/\/agora.xtec.cat\/zer-pedrera\/wp-json\/wp\/v2\/comments?post=4100"}],"version-history":[{"count":3,"href":"https:\/\/agora.xtec.cat\/zer-pedrera\/wp-json\/wp\/v2\/posts\/4100\/revisions"}],"predecessor-version":[{"id":4103,"href":"https:\/\/agora.xtec.cat\/zer-pedrera\/wp-json\/wp\/v2\/posts\/4100\/revisions\/4103"}],"wp:attachment":[{"href":"https:\/\/agora.xtec.cat\/zer-pedrera\/wp-json\/wp\/v2\/media?parent=4100"}],"wp:term":[{"taxonomy":"category","embeddable":true,"href":"https:\/\/agora.xtec.cat\/zer-pedrera\/wp-json\/wp\/v2\/categories?post=4100"},{"taxonomy":"post_tag","embeddable":true,"href":"https:\/\/agora.xtec.cat\/zer-pedrera\/wp-json\/wp\/v2\/tags?post=4100"}],"curies":[{"name":"wp","href":"https:\/\/api.w.org\/{rel}","templated":true}]}}