{"id":4090,"date":"2021-04-11T16:05:20","date_gmt":"2021-04-11T14:05:20","guid":{"rendered":"http:\/\/agora.xtec.cat\/zer-pedrera\/?p=4090"},"modified":"2021-04-11T16:06:56","modified_gmt":"2021-04-11T14:06:56","slug":"presencia-de-la-zer-pedrera-a-la-final-del-certamen-de-lectura-en-veu-alta","status":"publish","type":"post","link":"https:\/\/agora.xtec.cat\/zer-pedrera\/general\/presencia-de-la-zer-pedrera-a-la-final-del-certamen-de-lectura-en-veu-alta\/","title":{"rendered":"Pres\u00e8ncia de la ZER Pedrera a la final del Certamen de Lectura en Veu Alta"},"content":{"rendered":"<p>La ZER Pedrera, en el seu afany per tal que tot l&#8217;alumnat assoleixi un nivell \u00f2ptim pel que fa als aprenentatges, ha cregut oport\u00fa participar, de nou, al Certamen de Lectura en Veu Alta.<\/p>\n<p>Certament, el treball que es fa de la lectura en veu alta ha suposat grans i sorprenents progressos en la immensa majoria de l&#8217;alumnat. El treball en ritme, entonaci\u00f3, pauses, paraules clau, posici\u00f3 corporal, entre moltes altres coses, han suposat que els\/les nostres alumnes llegeixin molt millor del que ho feien de cara al p\u00fablic. Llegir o parlar davant dels altres, a vegades, pot suposar una barrera que si es treballa pot quedar redu\u00efda a la m\u00ednima expressi\u00f3. Per tant, continuarem apostant i perseverant en el treball de la lectura en veu alta.<\/p>\n<p>Dies enrere es va celebrar la semifinal escolar de la qual havien de sortir els representants de cada escola a les dues categories a les quals opt\u00e0vem (publicaci\u00f3 de l&#8217;article de les dues semifinalistes de l&#8217;escola Abat Ruera, m\u00e9s avall en aquest mateix bloc).<\/p>\n<p>Aquest passat divendres vam rebre el veredicte del jurat i&#8230;<\/p>\n<p>TENIM REPRESENTACI\u00d3 DE LA ZER A LA FINAL TERRITORIAL DEL CERTAMEN DE LECTURA EN VEU ALTA!!!<\/p>\n<p>Concretament dues alumnes de l&#8217;escola Abat Ruera que representaran a la final territorial les respectives categories de grumets verds i grumets vermells!!!<\/p>\n<p>Felicitats a elles i a tot l&#8217;alumnat pels grans aven\u00e7os pel que fa a lectura en veu alta!!!<\/p>\n<p>No us perdeu la presentaci\u00f3!!!<\/p>\n<p><em><strong>Cliqueu sobre la imatge!!!<\/strong><\/em><\/p>\n<p>&nbsp;<\/p>\n<p><a href=\"https:\/\/docs.google.com\/presentation\/d\/12_DcGyby2RX6M_gQkqpT-B3B-id8y7df9KK1iFNsuAQ\/edit?usp=sharing\" target=\"_blank\" rel=\"noopener noreferrer\"><img loading=\"lazy\" decoding=\"async\" class=\"aligncenter size-full wp-image-3925\" src=\"https:\/\/agora.xtec.cat\/zer-pedrera\/wp-content\/uploads\/usu1473\/2021\/03\/Captura-de-pantalla-2020-06-15-a-las-17.16.15.png\" alt=\"\" width=\"375\" height=\"164\" srcset=\"https:\/\/agora.xtec.cat\/zer-pedrera\/wp-content\/uploads\/usu1473\/2021\/03\/Captura-de-pantalla-2020-06-15-a-las-17.16.15.png 375w, https:\/\/agora.xtec.cat\/zer-pedrera\/wp-content\/uploads\/usu1473\/2021\/03\/Captura-de-pantalla-2020-06-15-a-las-17.16.15-300x131.png 300w\" sizes=\"auto, (max-width: 375px) 100vw, 375px\" \/><\/a><\/p>\n","protected":false},"excerpt":{"rendered":"<p>La ZER Pedrera, en el seu afany per tal que tot l&#8217;alumnat assoleixi un nivell \u00f2ptim pel que fa als aprenentatges, ha cregut oport\u00fa participar, de nou, al Certamen de Lectura en Veu Alta.<br \/>\nCertament, el treball que es fa de la lectura en veu alta&hellip;  <a href=\"https:\/\/agora.xtec.cat\/zer-pedrera\/general\/presencia-de-la-zer-pedrera-a-la-final-del-certamen-de-lectura-en-veu-alta\/\" title=\"Read Pres\u00e8ncia de la ZER Pedrera a la final del Certamen de Lectura en Veu Alta\">Llegeix m\u00e9s\u00bb<\/a><\/p>\n","protected":false},"author":1,"featured_media":0,"comment_status":"open","ping_status":"closed","sticky":false,"template":"","format":"standard","meta":{"_bbp_topic_count":0,"_bbp_reply_count":0,"_bbp_total_topic_count":0,"_bbp_total_reply_count":0,"_bbp_voice_count":0,"_bbp_anonymous_reply_count":0,"_bbp_topic_count_hidden":0,"_bbp_reply_count_hidden":0,"_bbp_forum_subforum_count":0,"footnotes":""},"categories":[110,1,29,89],"tags":[],"class_list":["post-4090","post","type-post","status-publish","format-standard","hentry","category-escola-abat-ruera","category-general","category-portada","category-primaria"],"post_mailing_queue_ids":[],"_links":{"self":[{"href":"https:\/\/agora.xtec.cat\/zer-pedrera\/wp-json\/wp\/v2\/posts\/4090","targetHints":{"allow":["GET"]}}],"collection":[{"href":"https:\/\/agora.xtec.cat\/zer-pedrera\/wp-json\/wp\/v2\/posts"}],"about":[{"href":"https:\/\/agora.xtec.cat\/zer-pedrera\/wp-json\/wp\/v2\/types\/post"}],"author":[{"embeddable":true,"href":"https:\/\/agora.xtec.cat\/zer-pedrera\/wp-json\/wp\/v2\/users\/1"}],"replies":[{"embeddable":true,"href":"https:\/\/agora.xtec.cat\/zer-pedrera\/wp-json\/wp\/v2\/comments?post=4090"}],"version-history":[{"count":2,"href":"https:\/\/agora.xtec.cat\/zer-pedrera\/wp-json\/wp\/v2\/posts\/4090\/revisions"}],"predecessor-version":[{"id":4093,"href":"https:\/\/agora.xtec.cat\/zer-pedrera\/wp-json\/wp\/v2\/posts\/4090\/revisions\/4093"}],"wp:attachment":[{"href":"https:\/\/agora.xtec.cat\/zer-pedrera\/wp-json\/wp\/v2\/media?parent=4090"}],"wp:term":[{"taxonomy":"category","embeddable":true,"href":"https:\/\/agora.xtec.cat\/zer-pedrera\/wp-json\/wp\/v2\/categories?post=4090"},{"taxonomy":"post_tag","embeddable":true,"href":"https:\/\/agora.xtec.cat\/zer-pedrera\/wp-json\/wp\/v2\/tags?post=4090"}],"curies":[{"name":"wp","href":"https:\/\/api.w.org\/{rel}","templated":true}]}}