{"id":4080,"date":"2021-04-11T15:20:51","date_gmt":"2021-04-11T13:20:51","guid":{"rendered":"http:\/\/agora.xtec.cat\/zer-pedrera\/?p=4080"},"modified":"2021-04-11T15:20:51","modified_gmt":"2021-04-11T13:20:51","slug":"percussio-corporal-escola-abat-ruera","status":"publish","type":"post","link":"https:\/\/agora.xtec.cat\/zer-pedrera\/general\/percussio-corporal-escola-abat-ruera\/","title":{"rendered":"Percussi\u00f3 corporal. Escola Abat Ruera."},"content":{"rendered":"<p>Els i les alumnes de CM i CS de l&#8217;escola Abat Ruera continuem treballant aspectes de l&#8217;\u00e0rea curricular d&#8217;Educaci\u00f3 Musical, concretament els ritmes, realitzats a trav\u00e9s de percussi\u00f3 corporal.<\/p>\n<p>Esperem que us agradi!!!<\/p>\n<p><iframe loading=\"lazy\" title=\"Percussi\u00f3 corporal_CM i CS escola Abat Ruera\" width=\"500\" height=\"281\" src=\"https:\/\/www.youtube.com\/embed\/EXfjCwVaxTg?feature=oembed\" frameborder=\"0\" allow=\"accelerometer; autoplay; clipboard-write; encrypted-media; gyroscope; picture-in-picture; web-share\" referrerpolicy=\"strict-origin-when-cross-origin\" allowfullscreen><\/iframe><\/p>\n","protected":false},"excerpt":{"rendered":"<p>Els i les alumnes de CM i CS de l&#8217;escola Abat Ruera continuem treballant aspectes de l&#8217;\u00e0rea curricular d&#8217;Educaci\u00f3 Musical, concretament els ritmes, realitzats a trav\u00e9s de percussi\u00f3 corporal.<br \/>\nEsperem que us agradi!!!<\/p>\n","protected":false},"author":1,"featured_media":4081,"comment_status":"open","ping_status":"closed","sticky":false,"template":"","format":"standard","meta":{"_bbp_topic_count":0,"_bbp_reply_count":0,"_bbp_total_topic_count":0,"_bbp_total_reply_count":0,"_bbp_voice_count":0,"_bbp_anonymous_reply_count":0,"_bbp_topic_count_hidden":0,"_bbp_reply_count_hidden":0,"_bbp_forum_subforum_count":0,"footnotes":""},"categories":[110,1,118,29,89],"tags":[],"class_list":["post-4080","post","type-post","status-publish","format-standard","has-post-thumbnail","hentry","category-escola-abat-ruera","category-general","category-musica-2","category-portada","category-primaria"],"post_mailing_queue_ids":[],"_links":{"self":[{"href":"https:\/\/agora.xtec.cat\/zer-pedrera\/wp-json\/wp\/v2\/posts\/4080","targetHints":{"allow":["GET"]}}],"collection":[{"href":"https:\/\/agora.xtec.cat\/zer-pedrera\/wp-json\/wp\/v2\/posts"}],"about":[{"href":"https:\/\/agora.xtec.cat\/zer-pedrera\/wp-json\/wp\/v2\/types\/post"}],"author":[{"embeddable":true,"href":"https:\/\/agora.xtec.cat\/zer-pedrera\/wp-json\/wp\/v2\/users\/1"}],"replies":[{"embeddable":true,"href":"https:\/\/agora.xtec.cat\/zer-pedrera\/wp-json\/wp\/v2\/comments?post=4080"}],"version-history":[{"count":1,"href":"https:\/\/agora.xtec.cat\/zer-pedrera\/wp-json\/wp\/v2\/posts\/4080\/revisions"}],"predecessor-version":[{"id":4082,"href":"https:\/\/agora.xtec.cat\/zer-pedrera\/wp-json\/wp\/v2\/posts\/4080\/revisions\/4082"}],"wp:featuredmedia":[{"embeddable":true,"href":"https:\/\/agora.xtec.cat\/zer-pedrera\/wp-json\/wp\/v2\/media\/4081"}],"wp:attachment":[{"href":"https:\/\/agora.xtec.cat\/zer-pedrera\/wp-json\/wp\/v2\/media?parent=4080"}],"wp:term":[{"taxonomy":"category","embeddable":true,"href":"https:\/\/agora.xtec.cat\/zer-pedrera\/wp-json\/wp\/v2\/categories?post=4080"},{"taxonomy":"post_tag","embeddable":true,"href":"https:\/\/agora.xtec.cat\/zer-pedrera\/wp-json\/wp\/v2\/tags?post=4080"}],"curies":[{"name":"wp","href":"https:\/\/api.w.org\/{rel}","templated":true}]}}