{"id":4045,"date":"2021-04-06T20:23:41","date_gmt":"2021-04-06T18:23:41","guid":{"rendered":"http:\/\/agora.xtec.cat\/zer-pedrera\/?p=4045"},"modified":"2021-12-16T20:36:54","modified_gmt":"2021-12-16T19:36:54","slug":"ci-de-lescola-abat-ruera-treball-geometric","status":"publish","type":"post","link":"https:\/\/agora.xtec.cat\/zer-pedrera\/general\/ci-de-lescola-abat-ruera-treball-geometric\/","title":{"rendered":"CI de l&#8217;escola Abat Ruera. Treball geom\u00e8tric"},"content":{"rendered":"<p>Aquesta setmana, a la sessi\u00f3 de les Matem\u00e0tiques divertides, hem tornat a repassar el concepte de figura geom\u00e8trica. Per\u00f2 aquesta vegada hem unit un concepte matem\u00e0tic amb expressi\u00f3 pl\u00e0stica. Els alumnes han creat un dibuix partint nom\u00e9s de quatre figures: rectangle, quadrat, cercle i triangle.<\/p>\n<p><img loading=\"lazy\" decoding=\"async\" class=\"aligncenter size-full wp-image-4046\" src=\"https:\/\/agora.xtec.cat\/zer-pedrera\/wp-content\/uploads\/usu1473\/2021\/04\/mini-1.jpeg\" alt=\"\" width=\"666\" height=\"375\" srcset=\"https:\/\/agora.xtec.cat\/zer-pedrera\/wp-content\/uploads\/usu1473\/2021\/04\/mini-1.jpeg 666w, https:\/\/agora.xtec.cat\/zer-pedrera\/wp-content\/uploads\/usu1473\/2021\/04\/mini-1-300x169.jpeg 300w\" sizes=\"auto, (max-width: 666px) 100vw, 666px\" \/><\/p>\n<div>Si voleu veure les imatges cliqueu <a href=\"https:\/\/photos.app.goo.gl\/Lf2xiT3jbJu4J2eZ8\" target=\"_blank\" rel=\"noopener\">AQU\u00cd<\/a><\/div>\n","protected":false},"excerpt":{"rendered":"<p>Aquesta setmana, a la sessi\u00f3 de les Matem\u00e0tiques divertides, hem tornat a repassar el concepte de figura geom\u00e8trica. Per\u00f2 aquesta vegada hem unit un concepte matem\u00e0tic amb expressi\u00f3 pl\u00e0stica. Els alumnes han creat un dibuix partint nom\u00e9s de quatre figures: rectangle, quadrat, cercle i triangle.<\/p>\n<p>Si&hellip;  <a href=\"https:\/\/agora.xtec.cat\/zer-pedrera\/general\/ci-de-lescola-abat-ruera-treball-geometric\/\" title=\"Read CI de l&#8217;escola Abat Ruera. Treball geom\u00e8tric\">Llegeix m\u00e9s\u00bb<\/a><\/p>\n","protected":false},"author":1,"featured_media":4046,"comment_status":"open","ping_status":"closed","sticky":false,"template":"","format":"standard","meta":{"_bbp_topic_count":0,"_bbp_reply_count":0,"_bbp_total_topic_count":0,"_bbp_total_reply_count":0,"_bbp_voice_count":0,"_bbp_anonymous_reply_count":0,"_bbp_topic_count_hidden":0,"_bbp_reply_count_hidden":0,"_bbp_forum_subforum_count":0,"footnotes":""},"categories":[110,1,29,89],"tags":[],"class_list":["post-4045","post","type-post","status-publish","format-standard","has-post-thumbnail","hentry","category-escola-abat-ruera","category-general","category-portada","category-primaria"],"post_mailing_queue_ids":[],"_links":{"self":[{"href":"https:\/\/agora.xtec.cat\/zer-pedrera\/wp-json\/wp\/v2\/posts\/4045","targetHints":{"allow":["GET"]}}],"collection":[{"href":"https:\/\/agora.xtec.cat\/zer-pedrera\/wp-json\/wp\/v2\/posts"}],"about":[{"href":"https:\/\/agora.xtec.cat\/zer-pedrera\/wp-json\/wp\/v2\/types\/post"}],"author":[{"embeddable":true,"href":"https:\/\/agora.xtec.cat\/zer-pedrera\/wp-json\/wp\/v2\/users\/1"}],"replies":[{"embeddable":true,"href":"https:\/\/agora.xtec.cat\/zer-pedrera\/wp-json\/wp\/v2\/comments?post=4045"}],"version-history":[{"count":3,"href":"https:\/\/agora.xtec.cat\/zer-pedrera\/wp-json\/wp\/v2\/posts\/4045\/revisions"}],"predecessor-version":[{"id":5103,"href":"https:\/\/agora.xtec.cat\/zer-pedrera\/wp-json\/wp\/v2\/posts\/4045\/revisions\/5103"}],"wp:featuredmedia":[{"embeddable":true,"href":"https:\/\/agora.xtec.cat\/zer-pedrera\/wp-json\/wp\/v2\/media\/4046"}],"wp:attachment":[{"href":"https:\/\/agora.xtec.cat\/zer-pedrera\/wp-json\/wp\/v2\/media?parent=4045"}],"wp:term":[{"taxonomy":"category","embeddable":true,"href":"https:\/\/agora.xtec.cat\/zer-pedrera\/wp-json\/wp\/v2\/categories?post=4045"},{"taxonomy":"post_tag","embeddable":true,"href":"https:\/\/agora.xtec.cat\/zer-pedrera\/wp-json\/wp\/v2\/tags?post=4045"}],"curies":[{"name":"wp","href":"https:\/\/api.w.org\/{rel}","templated":true}]}}