{"id":4042,"date":"2021-04-06T20:07:14","date_gmt":"2021-04-06T18:07:14","guid":{"rendered":"http:\/\/agora.xtec.cat\/zer-pedrera\/?p=4042"},"modified":"2021-12-16T20:35:52","modified_gmt":"2021-12-16T19:35:52","slug":"ci-i-cs-de-lescola-abat-ruera-treball-intercicle","status":"publish","type":"post","link":"https:\/\/agora.xtec.cat\/zer-pedrera\/general\/ci-i-cs-de-lescola-abat-ruera-treball-intercicle\/","title":{"rendered":"CI i CS de l&#8217;escola Abat Ruera. Treball Intercicle"},"content":{"rendered":"<p>Els alumnes m\u00e9s grans de l&#8217;escola han vingut a l&#8217;aula de Cicle Inicial i s&#8217;han convertit en professors. Han ajudat als alumnes a resoldre exercicis matem\u00e0tics relacionats amb operacions i c\u00e0lcul mental. Els m\u00e9s petits han gaudit molt de l&#8217;experi\u00e8ncia i els m\u00e9s grans ja ens han comentat que volen repetir i tornar a fer de professors per un dia.<\/p>\n<div>Cliqueu damunt de la imatge per veure m\u00e9s fotografies.<\/div>\n<p>&nbsp;<\/p>\n<p><a href=\"https:\/\/photos.app.goo.gl\/pFKFk6HtWti86mQh6\" target=\"_blank\" rel=\"noopener\"><img loading=\"lazy\" decoding=\"async\" class=\"aligncenter size-full wp-image-4043\" src=\"https:\/\/agora.xtec.cat\/zer-pedrera\/wp-content\/uploads\/usu1473\/2021\/04\/mini.jpg\" alt=\"\" width=\"577\" height=\"433\" srcset=\"https:\/\/agora.xtec.cat\/zer-pedrera\/wp-content\/uploads\/usu1473\/2021\/04\/mini.jpg 577w, https:\/\/agora.xtec.cat\/zer-pedrera\/wp-content\/uploads\/usu1473\/2021\/04\/mini-300x225.jpg 300w, https:\/\/agora.xtec.cat\/zer-pedrera\/wp-content\/uploads\/usu1473\/2021\/04\/mini-200x150.jpg 200w\" sizes=\"auto, (max-width: 577px) 100vw, 577px\" \/><\/a><\/p>\n<p>&nbsp;<\/p>\n<p>&nbsp;<\/p>\n","protected":false},"excerpt":{"rendered":"<p>Els alumnes m\u00e9s grans de l&#8217;escola han vingut a l&#8217;aula de Cicle Inicial i s&#8217;han convertit en professors. Han ajudat als alumnes a resoldre exercicis matem\u00e0tics relacionats amb operacions i c\u00e0lcul mental. Els m\u00e9s petits han gaudit molt de l&#8217;experi\u00e8ncia i els m\u00e9s grans ja&hellip;  <a href=\"https:\/\/agora.xtec.cat\/zer-pedrera\/general\/ci-i-cs-de-lescola-abat-ruera-treball-intercicle\/\" title=\"Read CI i CS de l&#8217;escola Abat Ruera. Treball Intercicle\">Llegeix m\u00e9s\u00bb<\/a><\/p>\n","protected":false},"author":1,"featured_media":4043,"comment_status":"open","ping_status":"closed","sticky":false,"template":"","format":"standard","meta":{"_bbp_topic_count":0,"_bbp_reply_count":0,"_bbp_total_topic_count":0,"_bbp_total_reply_count":0,"_bbp_voice_count":0,"_bbp_anonymous_reply_count":0,"_bbp_topic_count_hidden":0,"_bbp_reply_count_hidden":0,"_bbp_forum_subforum_count":0,"footnotes":""},"categories":[110,1,29,89],"tags":[],"class_list":["post-4042","post","type-post","status-publish","format-standard","has-post-thumbnail","hentry","category-escola-abat-ruera","category-general","category-portada","category-primaria"],"post_mailing_queue_ids":[],"_links":{"self":[{"href":"https:\/\/agora.xtec.cat\/zer-pedrera\/wp-json\/wp\/v2\/posts\/4042","targetHints":{"allow":["GET"]}}],"collection":[{"href":"https:\/\/agora.xtec.cat\/zer-pedrera\/wp-json\/wp\/v2\/posts"}],"about":[{"href":"https:\/\/agora.xtec.cat\/zer-pedrera\/wp-json\/wp\/v2\/types\/post"}],"author":[{"embeddable":true,"href":"https:\/\/agora.xtec.cat\/zer-pedrera\/wp-json\/wp\/v2\/users\/1"}],"replies":[{"embeddable":true,"href":"https:\/\/agora.xtec.cat\/zer-pedrera\/wp-json\/wp\/v2\/comments?post=4042"}],"version-history":[{"count":3,"href":"https:\/\/agora.xtec.cat\/zer-pedrera\/wp-json\/wp\/v2\/posts\/4042\/revisions"}],"predecessor-version":[{"id":5102,"href":"https:\/\/agora.xtec.cat\/zer-pedrera\/wp-json\/wp\/v2\/posts\/4042\/revisions\/5102"}],"wp:featuredmedia":[{"embeddable":true,"href":"https:\/\/agora.xtec.cat\/zer-pedrera\/wp-json\/wp\/v2\/media\/4043"}],"wp:attachment":[{"href":"https:\/\/agora.xtec.cat\/zer-pedrera\/wp-json\/wp\/v2\/media?parent=4042"}],"wp:term":[{"taxonomy":"category","embeddable":true,"href":"https:\/\/agora.xtec.cat\/zer-pedrera\/wp-json\/wp\/v2\/categories?post=4042"},{"taxonomy":"post_tag","embeddable":true,"href":"https:\/\/agora.xtec.cat\/zer-pedrera\/wp-json\/wp\/v2\/tags?post=4042"}],"curies":[{"name":"wp","href":"https:\/\/api.w.org\/{rel}","templated":true}]}}