{"id":4008,"date":"2021-03-26T17:07:44","date_gmt":"2021-03-26T16:07:44","guid":{"rendered":"http:\/\/agora.xtec.cat\/zer-pedrera\/?p=4008"},"modified":"2021-03-26T19:24:51","modified_gmt":"2021-03-26T18:24:51","slug":"jornada-dels-artistes-escola-porcel-de-cervera-2","status":"publish","type":"post","link":"https:\/\/agora.xtec.cat\/zer-pedrera\/general\/jornada-dels-artistes-escola-porcel-de-cervera-2\/","title":{"rendered":"JORNADA DELS ARTISTES. ESCOLA PORCEL DE CERVERA"},"content":{"rendered":"<p style=\"text-align: left;\">Avui per acabar el trimestre, la companyia La Cremallera ens ha ofert un espectacle de titelles.<\/p>\n<p>Els nens i nenes de l&#8217;escola s&#8217;ho han passat d&#8217;all\u00f2 m\u00e9s b\u00e9 i s&#8217;han fet un fart de ballar i cantar.<\/p>\n<p>La jornada l&#8217;hem completada, els alumnes han confeccionat diversos tipus de titelles. Els alumnes d&#8217;educaci\u00f3 infantil han fet un titella d&#8217;abella i els de CI han elaborat titelles de personatges de contes. Pel que fa a la classe de CM i CS han creat titelles de la llegenda de sant Jordi.<\/p>\n<p>A m\u00e9s a m\u00e9s, hem realitzat un joc de pistes pel poble de l&#8217;Espluga.<\/p>\n<p>Per finalitzar el dia, hem tingut una cloenda d&#8217;all\u00f2 m\u00e9s dol\u00e7a.<\/p>\n<p><strong>Podeu veure les fotos i v\u00eddeos del dia clicant al damunt de la imatge.<\/strong><\/p>\n<p><a href=\"https:\/\/photos.app.goo.gl\/2f5Z9vA59fJ8rZ2q6\"><img loading=\"lazy\" decoding=\"async\" class=\"aligncenter size-full wp-image-4010\" src=\"https:\/\/agora.xtec.cat\/zer-pedrera\/wp-content\/uploads\/usu1473\/2021\/03\/IMG-20210326-WA0025-1.jpg\" alt=\"\" width=\"577\" height=\"433\" srcset=\"https:\/\/agora.xtec.cat\/zer-pedrera\/wp-content\/uploads\/usu1473\/2021\/03\/IMG-20210326-WA0025-1.jpg 577w, https:\/\/agora.xtec.cat\/zer-pedrera\/wp-content\/uploads\/usu1473\/2021\/03\/IMG-20210326-WA0025-1-300x225.jpg 300w, https:\/\/agora.xtec.cat\/zer-pedrera\/wp-content\/uploads\/usu1473\/2021\/03\/IMG-20210326-WA0025-1-200x150.jpg 200w\" sizes=\"auto, (max-width: 577px) 100vw, 577px\" \/><\/a><\/p>\n<p>&nbsp;<\/p>\n","protected":false},"excerpt":{"rendered":"<p>Avui per acabar el trimestre, la companyia La Cremallera ens ha ofert un espectacle de titelles.<br \/>\nEls nens i nenes de l&#8217;escola s&#8217;ho han passat d&#8217;all\u00f2 m\u00e9s b\u00e9 i s&#8217;han fet un fart de ballar i cantar.<br \/>\nLa jornada l&#8217;hem completada, els alumnes han confeccionat diversos tipus&hellip;  <a href=\"https:\/\/agora.xtec.cat\/zer-pedrera\/general\/jornada-dels-artistes-escola-porcel-de-cervera-2\/\" title=\"Read JORNADA DELS ARTISTES. ESCOLA PORCEL DE CERVERA\">Llegeix m\u00e9s\u00bb<\/a><\/p>\n","protected":false},"author":1,"featured_media":4012,"comment_status":"open","ping_status":"closed","sticky":false,"template":"","format":"standard","meta":{"_bbp_topic_count":0,"_bbp_reply_count":0,"_bbp_total_topic_count":0,"_bbp_total_reply_count":0,"_bbp_voice_count":0,"_bbp_anonymous_reply_count":0,"_bbp_topic_count_hidden":0,"_bbp_reply_count_hidden":0,"_bbp_forum_subforum_count":0,"footnotes":""},"categories":[111,1,29],"tags":[],"class_list":["post-4008","post","type-post","status-publish","format-standard","has-post-thumbnail","hentry","category-escola-porcel-de-cervera","category-general","category-portada"],"post_mailing_queue_ids":[],"_links":{"self":[{"href":"https:\/\/agora.xtec.cat\/zer-pedrera\/wp-json\/wp\/v2\/posts\/4008","targetHints":{"allow":["GET"]}}],"collection":[{"href":"https:\/\/agora.xtec.cat\/zer-pedrera\/wp-json\/wp\/v2\/posts"}],"about":[{"href":"https:\/\/agora.xtec.cat\/zer-pedrera\/wp-json\/wp\/v2\/types\/post"}],"author":[{"embeddable":true,"href":"https:\/\/agora.xtec.cat\/zer-pedrera\/wp-json\/wp\/v2\/users\/1"}],"replies":[{"embeddable":true,"href":"https:\/\/agora.xtec.cat\/zer-pedrera\/wp-json\/wp\/v2\/comments?post=4008"}],"version-history":[{"count":3,"href":"https:\/\/agora.xtec.cat\/zer-pedrera\/wp-json\/wp\/v2\/posts\/4008\/revisions"}],"predecessor-version":[{"id":4021,"href":"https:\/\/agora.xtec.cat\/zer-pedrera\/wp-json\/wp\/v2\/posts\/4008\/revisions\/4021"}],"wp:featuredmedia":[{"embeddable":true,"href":"https:\/\/agora.xtec.cat\/zer-pedrera\/wp-json\/wp\/v2\/media\/4012"}],"wp:attachment":[{"href":"https:\/\/agora.xtec.cat\/zer-pedrera\/wp-json\/wp\/v2\/media?parent=4008"}],"wp:term":[{"taxonomy":"category","embeddable":true,"href":"https:\/\/agora.xtec.cat\/zer-pedrera\/wp-json\/wp\/v2\/categories?post=4008"},{"taxonomy":"post_tag","embeddable":true,"href":"https:\/\/agora.xtec.cat\/zer-pedrera\/wp-json\/wp\/v2\/tags?post=4008"}],"curies":[{"name":"wp","href":"https:\/\/api.w.org\/{rel}","templated":true}]}}