{"id":3988,"date":"2021-03-24T18:24:50","date_gmt":"2021-03-24T17:24:50","guid":{"rendered":"http:\/\/agora.xtec.cat\/zer-pedrera\/?p=3988"},"modified":"2021-03-24T18:24:50","modified_gmt":"2021-03-24T17:24:50","slug":"arriba-la-primavera-escola-porcel-de-cervera","status":"publish","type":"post","link":"https:\/\/agora.xtec.cat\/zer-pedrera\/general\/arriba-la-primavera-escola-porcel-de-cervera\/","title":{"rendered":"Arriba la primavera! Escola Porcel de Cervera"},"content":{"rendered":"<p>Amb l&#8217;arribada de la primavera ens plantem a les portes de vacances de Setmana Santa.<\/p>\n<p>Els alumnes de CM i CS aquesta setmana hem estat treballant amb la tapa de l&#8217;\u00e0lbum d&#8217;aquest segon trimestre, que com veureu \u00e9s d&#8217;all\u00f2 m\u00e9s primaveral.<\/p>\n<p>A m\u00e9s, tamb\u00e9 hem estat treballant per actualitzar la decoraci\u00f3 de la nostra classe per tal de que vagi a conjunt amb aquesta estaci\u00f3 de l&#8217;any.<\/p>\n<p>Podeu veure les fotografies clicant a la imatge.<\/p>\n<p><a href=\"https:\/\/photos.app.goo.gl\/7kuoD3PYCs54ZX3RA\"><img loading=\"lazy\" decoding=\"async\" class=\"aligncenter wp-image-3990\" src=\"https:\/\/agora.xtec.cat\/zer-pedrera\/wp-content\/uploads\/usu1473\/2021\/03\/IMG_20210322_132602.jpg\" alt=\"\" width=\"340\" height=\"479\" srcset=\"https:\/\/agora.xtec.cat\/zer-pedrera\/wp-content\/uploads\/usu1473\/2021\/03\/IMG_20210322_132602.jpg 421w, https:\/\/agora.xtec.cat\/zer-pedrera\/wp-content\/uploads\/usu1473\/2021\/03\/IMG_20210322_132602-213x300.jpg 213w\" sizes=\"auto, (max-width: 340px) 100vw, 340px\" \/><\/a><\/p>\n","protected":false},"excerpt":{"rendered":"<p>Amb l&#8217;arribada de la primavera ens plantem a les portes de vacances de Setmana Santa.<br \/>\nEls alumnes de CM i CS aquesta setmana hem estat treballant amb la tapa de l&#8217;\u00e0lbum d&#8217;aquest segon trimestre, que com veureu \u00e9s d&#8217;all\u00f2 m\u00e9s primaveral.<br \/>\nA m\u00e9s, tamb\u00e9 hem estat treballant&hellip;  <a href=\"https:\/\/agora.xtec.cat\/zer-pedrera\/general\/arriba-la-primavera-escola-porcel-de-cervera\/\" title=\"Read Arriba la primavera! Escola Porcel de Cervera\">Llegeix m\u00e9s\u00bb<\/a><\/p>\n","protected":false},"author":1,"featured_media":3991,"comment_status":"open","ping_status":"closed","sticky":false,"template":"","format":"standard","meta":{"_bbp_topic_count":0,"_bbp_reply_count":0,"_bbp_total_topic_count":0,"_bbp_total_reply_count":0,"_bbp_voice_count":0,"_bbp_anonymous_reply_count":0,"_bbp_topic_count_hidden":0,"_bbp_reply_count_hidden":0,"_bbp_forum_subforum_count":0,"footnotes":""},"categories":[111,1,29,89],"tags":[],"class_list":["post-3988","post","type-post","status-publish","format-standard","has-post-thumbnail","hentry","category-escola-porcel-de-cervera","category-general","category-portada","category-primaria"],"post_mailing_queue_ids":[],"_links":{"self":[{"href":"https:\/\/agora.xtec.cat\/zer-pedrera\/wp-json\/wp\/v2\/posts\/3988","targetHints":{"allow":["GET"]}}],"collection":[{"href":"https:\/\/agora.xtec.cat\/zer-pedrera\/wp-json\/wp\/v2\/posts"}],"about":[{"href":"https:\/\/agora.xtec.cat\/zer-pedrera\/wp-json\/wp\/v2\/types\/post"}],"author":[{"embeddable":true,"href":"https:\/\/agora.xtec.cat\/zer-pedrera\/wp-json\/wp\/v2\/users\/1"}],"replies":[{"embeddable":true,"href":"https:\/\/agora.xtec.cat\/zer-pedrera\/wp-json\/wp\/v2\/comments?post=3988"}],"version-history":[{"count":2,"href":"https:\/\/agora.xtec.cat\/zer-pedrera\/wp-json\/wp\/v2\/posts\/3988\/revisions"}],"predecessor-version":[{"id":3992,"href":"https:\/\/agora.xtec.cat\/zer-pedrera\/wp-json\/wp\/v2\/posts\/3988\/revisions\/3992"}],"wp:featuredmedia":[{"embeddable":true,"href":"https:\/\/agora.xtec.cat\/zer-pedrera\/wp-json\/wp\/v2\/media\/3991"}],"wp:attachment":[{"href":"https:\/\/agora.xtec.cat\/zer-pedrera\/wp-json\/wp\/v2\/media?parent=3988"}],"wp:term":[{"taxonomy":"category","embeddable":true,"href":"https:\/\/agora.xtec.cat\/zer-pedrera\/wp-json\/wp\/v2\/categories?post=3988"},{"taxonomy":"post_tag","embeddable":true,"href":"https:\/\/agora.xtec.cat\/zer-pedrera\/wp-json\/wp\/v2\/tags?post=3988"}],"curies":[{"name":"wp","href":"https:\/\/api.w.org\/{rel}","templated":true}]}}