{"id":3970,"date":"2021-03-15T20:14:03","date_gmt":"2021-03-15T19:14:03","guid":{"rendered":"http:\/\/agora.xtec.cat\/zer-pedrera\/?p=3970"},"modified":"2021-03-15T20:14:03","modified_gmt":"2021-03-15T19:14:03","slug":"ci-de-lescola-abat-ruera-musica-plastica-i-emocions","status":"publish","type":"post","link":"https:\/\/agora.xtec.cat\/zer-pedrera\/general\/ci-de-lescola-abat-ruera-musica-plastica-i-emocions\/","title":{"rendered":"CI de l&#8217;escola Abat Ruera. M\u00fasica, pl\u00e0stica i emocions."},"content":{"rendered":"<p>Durant unes quantes sessions els alumnes de CI hem treballat les emocions utilitzant la m\u00fasica i la pl\u00e0stica com a font d&#8217;inspiraci\u00f3. Ho hem fet durant l&#8217;hora de tutoria. Hem seguit els seg\u00fcents passos:<\/p>\n<ol>\n<li>Hem decidit l&#8217;emoci\u00f3 a treballar.<\/li>\n<li>Hem escoltat detingudament i amb silenci una can\u00e7\u00f3 relacionada amb l&#8217;emoci\u00f3.<\/li>\n<li>En un full en blanc i utilitzant nom\u00e9s els dits i pintura hem fet un dibuix sobre l&#8217;emoci\u00f3 donada anteriorment.<\/li>\n<\/ol>\n<p>Aquesta activitat ha perm\u00e8s profunditzar en les nostres emocions.<\/p>\n<p><img loading=\"lazy\" decoding=\"async\" class=\"size-full wp-image-3971 alignleft\" src=\"https:\/\/agora.xtec.cat\/zer-pedrera\/wp-content\/uploads\/usu1473\/2021\/03\/mini.jpeg\" alt=\"\" width=\"666\" height=\"375\" srcset=\"https:\/\/agora.xtec.cat\/zer-pedrera\/wp-content\/uploads\/usu1473\/2021\/03\/mini.jpeg 666w, https:\/\/agora.xtec.cat\/zer-pedrera\/wp-content\/uploads\/usu1473\/2021\/03\/mini-300x169.jpeg 300w\" sizes=\"auto, (max-width: 666px) 100vw, 666px\" \/><\/p>\n<p>&nbsp;<\/p>\n<p>&nbsp;<\/p>\n","protected":false},"excerpt":{"rendered":"<p>Durant unes quantes sessions els alumnes de CI hem treballat les emocions utilitzant la m\u00fasica i la pl\u00e0stica com a font d&#8217;inspiraci\u00f3. Ho hem fet durant l&#8217;hora de tutoria. Hem seguit els seg\u00fcents passos:<\/p>\n<ol>\n<li>Hem decidit l&#8217;emoci\u00f3 a treballar.<\/li>\n<li>Hem escoltat detingudament i amb silenci una can\u00e7\u00f3&hellip;  <a href=\"https:\/\/agora.xtec.cat\/zer-pedrera\/general\/ci-de-lescola-abat-ruera-musica-plastica-i-emocions\/\" title=\"Read CI de l&#8217;escola Abat Ruera. M\u00fasica, pl\u00e0stica i emocions.\">Llegeix m\u00e9s\u00bb<\/a><br \/>\n","protected":false},"author":1,"featured_media":3971,"comment_status":"open","ping_status":"closed","sticky":false,"template":"","format":"standard","meta":{"_bbp_topic_count":0,"_bbp_reply_count":0,"_bbp_total_topic_count":0,"_bbp_total_reply_count":0,"_bbp_voice_count":0,"_bbp_anonymous_reply_count":0,"_bbp_topic_count_hidden":0,"_bbp_reply_count_hidden":0,"_bbp_forum_subforum_count":0,"footnotes":""},"categories":[1,29,89],"tags":[],"class_list":["post-3970","post","type-post","status-publish","format-standard","has-post-thumbnail","hentry","category-general","category-portada","category-primaria"],"post_mailing_queue_ids":[],"_links":{"self":[{"href":"https:\/\/agora.xtec.cat\/zer-pedrera\/wp-json\/wp\/v2\/posts\/3970","targetHints":{"allow":["GET"]}}],"collection":[{"href":"https:\/\/agora.xtec.cat\/zer-pedrera\/wp-json\/wp\/v2\/posts"}],"about":[{"href":"https:\/\/agora.xtec.cat\/zer-pedrera\/wp-json\/wp\/v2\/types\/post"}],"author":[{"embeddable":true,"href":"https:\/\/agora.xtec.cat\/zer-pedrera\/wp-json\/wp\/v2\/users\/1"}],"replies":[{"embeddable":true,"href":"https:\/\/agora.xtec.cat\/zer-pedrera\/wp-json\/wp\/v2\/comments?post=3970"}],"version-history":[{"count":1,"href":"https:\/\/agora.xtec.cat\/zer-pedrera\/wp-json\/wp\/v2\/posts\/3970\/revisions"}],"predecessor-version":[{"id":3972,"href":"https:\/\/agora.xtec.cat\/zer-pedrera\/wp-json\/wp\/v2\/posts\/3970\/revisions\/3972"}],"wp:featuredmedia":[{"embeddable":true,"href":"https:\/\/agora.xtec.cat\/zer-pedrera\/wp-json\/wp\/v2\/media\/3971"}],"wp:attachment":[{"href":"https:\/\/agora.xtec.cat\/zer-pedrera\/wp-json\/wp\/v2\/media?parent=3970"}],"wp:term":[{"taxonomy":"category","embeddable":true,"href":"https:\/\/agora.xtec.cat\/zer-pedrera\/wp-json\/wp\/v2\/categories?post=3970"},{"taxonomy":"post_tag","embeddable":true,"href":"https:\/\/agora.xtec.cat\/zer-pedrera\/wp-json\/wp\/v2\/tags?post=3970"}],"curies":[{"name":"wp","href":"https:\/\/api.w.org\/{rel}","templated":true}]}}