{"id":3944,"date":"2021-03-12T19:02:12","date_gmt":"2021-03-12T18:02:12","guid":{"rendered":"http:\/\/agora.xtec.cat\/zer-pedrera\/?p=3944"},"modified":"2021-03-27T17:08:59","modified_gmt":"2021-03-27T16:08:59","slug":"ha-arribat-el-dia","status":"publish","type":"post","link":"https:\/\/agora.xtec.cat\/zer-pedrera\/portada\/ha-arribat-el-dia\/","title":{"rendered":"SEMIFINAL-CERTAMEN LECTURA EN VEU ALTA-PORCEL DE CERVERA"},"content":{"rendered":"<p>Avui els alumnes han triat, per votacions, als representants que llegiran un fragment dels llibres del Certamen de Lectura en veu alta.<\/p>\n<p>Els llibres de la semifinal d&#8217;aquest any s\u00f3n: La balada del Petit Jack, per cicle mitj\u00e0 i Pau Casals i el noi que tocava el viol\u00ed.<\/p>\n<p>La setmana vinent gravarem les lectures de cicle mitj\u00e0 i superior i les enviarem al concurs.<\/p>\n<p>Aquesta activitat els agrada molt i realment es nota la difer\u00e8ncia, cada dia llegeixen m\u00e9s b\u00e9 en veu alta.<\/p>\n<p><img loading=\"lazy\" decoding=\"async\" class=\"aligncenter size-full wp-image-4031\" src=\"https:\/\/agora.xtec.cat\/zer-pedrera\/wp-content\/uploads\/usu1473\/2021\/03\/biblio-1.jpg\" alt=\"\" width=\"306\" height=\"165\" srcset=\"https:\/\/agora.xtec.cat\/zer-pedrera\/wp-content\/uploads\/usu1473\/2021\/03\/biblio-1.jpg 306w, https:\/\/agora.xtec.cat\/zer-pedrera\/wp-content\/uploads\/usu1473\/2021\/03\/biblio-1-300x162.jpg 300w\" sizes=\"auto, (max-width: 306px) 100vw, 306px\" \/><\/p>\n","protected":false},"excerpt":{"rendered":"<p>Avui els alumnes han triat, per votacions, als representants que llegiran un fragment dels llibres del Certamen de Lectura en veu alta.<br \/>\nEls llibres de la semifinal d&#8217;aquest any s\u00f3n: La balada del Petit Jack, per cicle mitj\u00e0 i Pau Casals i el noi que tocava&hellip;  <a href=\"https:\/\/agora.xtec.cat\/zer-pedrera\/portada\/ha-arribat-el-dia\/\" title=\"Read SEMIFINAL-CERTAMEN LECTURA EN VEU ALTA-PORCEL DE CERVERA\">Llegeix m\u00e9s\u00bb<\/a><\/p>\n","protected":false},"author":1,"featured_media":3948,"comment_status":"open","ping_status":"closed","sticky":false,"template":"","format":"standard","meta":{"_bbp_topic_count":0,"_bbp_reply_count":0,"_bbp_total_topic_count":0,"_bbp_total_reply_count":0,"_bbp_voice_count":0,"_bbp_anonymous_reply_count":0,"_bbp_topic_count_hidden":0,"_bbp_reply_count_hidden":0,"_bbp_forum_subforum_count":0,"footnotes":""},"categories":[125,111,29,89],"tags":[],"class_list":["post-3944","post","type-post","status-publish","format-standard","has-post-thumbnail","hentry","category-catala","category-escola-porcel-de-cervera","category-portada","category-primaria"],"post_mailing_queue_ids":[],"_links":{"self":[{"href":"https:\/\/agora.xtec.cat\/zer-pedrera\/wp-json\/wp\/v2\/posts\/3944","targetHints":{"allow":["GET"]}}],"collection":[{"href":"https:\/\/agora.xtec.cat\/zer-pedrera\/wp-json\/wp\/v2\/posts"}],"about":[{"href":"https:\/\/agora.xtec.cat\/zer-pedrera\/wp-json\/wp\/v2\/types\/post"}],"author":[{"embeddable":true,"href":"https:\/\/agora.xtec.cat\/zer-pedrera\/wp-json\/wp\/v2\/users\/1"}],"replies":[{"embeddable":true,"href":"https:\/\/agora.xtec.cat\/zer-pedrera\/wp-json\/wp\/v2\/comments?post=3944"}],"version-history":[{"count":3,"href":"https:\/\/agora.xtec.cat\/zer-pedrera\/wp-json\/wp\/v2\/posts\/3944\/revisions"}],"predecessor-version":[{"id":4034,"href":"https:\/\/agora.xtec.cat\/zer-pedrera\/wp-json\/wp\/v2\/posts\/3944\/revisions\/4034"}],"wp:featuredmedia":[{"embeddable":true,"href":"https:\/\/agora.xtec.cat\/zer-pedrera\/wp-json\/wp\/v2\/media\/3948"}],"wp:attachment":[{"href":"https:\/\/agora.xtec.cat\/zer-pedrera\/wp-json\/wp\/v2\/media?parent=3944"}],"wp:term":[{"taxonomy":"category","embeddable":true,"href":"https:\/\/agora.xtec.cat\/zer-pedrera\/wp-json\/wp\/v2\/categories?post=3944"},{"taxonomy":"post_tag","embeddable":true,"href":"https:\/\/agora.xtec.cat\/zer-pedrera\/wp-json\/wp\/v2\/tags?post=3944"}],"curies":[{"name":"wp","href":"https:\/\/api.w.org\/{rel}","templated":true}]}}