{"id":3933,"date":"2021-03-12T16:46:35","date_gmt":"2021-03-12T15:46:35","guid":{"rendered":"http:\/\/agora.xtec.cat\/zer-pedrera\/?p=3933"},"modified":"2021-03-12T16:46:35","modified_gmt":"2021-03-12T15:46:35","slug":"cicle-mitja-i-cicle-superior-enginyers-escola-abat-ruera","status":"publish","type":"post","link":"https:\/\/agora.xtec.cat\/zer-pedrera\/general\/cicle-mitja-i-cicle-superior-enginyers-escola-abat-ruera\/","title":{"rendered":"Cicle Mitj\u00e0 i Cicle Superior, enginyers! Escola Abat Ruera."},"content":{"rendered":"<p>Avan\u00e7\u00e0vem la setmana passada que els i les alumnes de Cicle Mitj\u00e0 i Cicle Superior culminar\u00edem el projecte que hem fet sobre la mat\u00e8ria i l&#8217;energia aplicant molts dels aprenentatges que hem adquirit durant els \u00faltims mesos.<\/p>\n<p>Ens hem posat mans a l&#8217;obra i hem fet realitat petits reptes tecnol\u00f2gics que ens han tingut ben capficats. Finalment, els hem pogut provar i&#8230; SORPRESA!!! Funcionen!!!<\/p>\n<p>He experimentat amb energies renovables, hem creat artefactes que generen fonts simulades d&#8217;energia renovable que hem transformat en electricitat, hem experimentat amb energies no renovables, per\u00f2 sobretot, hem apr\u00e8s molt\u00edssim sobre l&#8217;energia i els seus usos!<\/p>\n<p>Alumnes de Cicle Mitj\u00e0 i Superior, sereu uns\/-es grans enginyers\/-es!!!<\/p>\n<p><iframe loading=\"lazy\" title=\"Energia\" width=\"500\" height=\"281\" src=\"https:\/\/www.youtube.com\/embed\/aQW8MxIy4Ps?feature=oembed\" frameborder=\"0\" allow=\"accelerometer; autoplay; clipboard-write; encrypted-media; gyroscope; picture-in-picture; web-share\" referrerpolicy=\"strict-origin-when-cross-origin\" allowfullscreen><\/iframe><\/p>\n","protected":false},"excerpt":{"rendered":"<p>Avan\u00e7\u00e0vem la setmana passada que els i les alumnes de Cicle Mitj\u00e0 i Cicle Superior culminar\u00edem el projecte que hem fet sobre la mat\u00e8ria i l&#8217;energia aplicant molts dels aprenentatges que hem adquirit durant els \u00faltims mesos.<br \/>\nEns hem posat mans a l&#8217;obra i hem fet&hellip;  <a href=\"https:\/\/agora.xtec.cat\/zer-pedrera\/general\/cicle-mitja-i-cicle-superior-enginyers-escola-abat-ruera\/\" title=\"Read Cicle Mitj\u00e0 i Cicle Superior, enginyers! Escola Abat Ruera.\">Llegeix m\u00e9s\u00bb<\/a><\/p>\n","protected":false},"author":1,"featured_media":3941,"comment_status":"open","ping_status":"closed","sticky":false,"template":"","format":"standard","meta":{"_bbp_topic_count":0,"_bbp_reply_count":0,"_bbp_total_topic_count":0,"_bbp_total_reply_count":0,"_bbp_voice_count":0,"_bbp_anonymous_reply_count":0,"_bbp_topic_count_hidden":0,"_bbp_reply_count_hidden":0,"_bbp_forum_subforum_count":0,"footnotes":""},"categories":[110,1,116,29,89],"tags":[],"class_list":["post-3933","post","type-post","status-publish","format-standard","has-post-thumbnail","hentry","category-escola-abat-ruera","category-general","category-medi","category-portada","category-primaria"],"post_mailing_queue_ids":[],"_links":{"self":[{"href":"https:\/\/agora.xtec.cat\/zer-pedrera\/wp-json\/wp\/v2\/posts\/3933","targetHints":{"allow":["GET"]}}],"collection":[{"href":"https:\/\/agora.xtec.cat\/zer-pedrera\/wp-json\/wp\/v2\/posts"}],"about":[{"href":"https:\/\/agora.xtec.cat\/zer-pedrera\/wp-json\/wp\/v2\/types\/post"}],"author":[{"embeddable":true,"href":"https:\/\/agora.xtec.cat\/zer-pedrera\/wp-json\/wp\/v2\/users\/1"}],"replies":[{"embeddable":true,"href":"https:\/\/agora.xtec.cat\/zer-pedrera\/wp-json\/wp\/v2\/comments?post=3933"}],"version-history":[{"count":1,"href":"https:\/\/agora.xtec.cat\/zer-pedrera\/wp-json\/wp\/v2\/posts\/3933\/revisions"}],"predecessor-version":[{"id":3942,"href":"https:\/\/agora.xtec.cat\/zer-pedrera\/wp-json\/wp\/v2\/posts\/3933\/revisions\/3942"}],"wp:featuredmedia":[{"embeddable":true,"href":"https:\/\/agora.xtec.cat\/zer-pedrera\/wp-json\/wp\/v2\/media\/3941"}],"wp:attachment":[{"href":"https:\/\/agora.xtec.cat\/zer-pedrera\/wp-json\/wp\/v2\/media?parent=3933"}],"wp:term":[{"taxonomy":"category","embeddable":true,"href":"https:\/\/agora.xtec.cat\/zer-pedrera\/wp-json\/wp\/v2\/categories?post=3933"},{"taxonomy":"post_tag","embeddable":true,"href":"https:\/\/agora.xtec.cat\/zer-pedrera\/wp-json\/wp\/v2\/tags?post=3933"}],"curies":[{"name":"wp","href":"https:\/\/api.w.org\/{rel}","templated":true}]}}