{"id":3921,"date":"2021-03-12T13:55:19","date_gmt":"2021-03-12T12:55:19","guid":{"rendered":"http:\/\/agora.xtec.cat\/zer-pedrera\/?p=3921"},"modified":"2021-03-12T14:12:41","modified_gmt":"2021-03-12T13:12:41","slug":"final-escolar-del-certamen-de-lectura-en-veu-alta","status":"publish","type":"post","link":"https:\/\/agora.xtec.cat\/zer-pedrera\/general\/final-escolar-del-certamen-de-lectura-en-veu-alta\/","title":{"rendered":"Final escolar del &#8220;Certamen de lectura en veu alta&#8221;. Escola Abat Ruera."},"content":{"rendered":"<p>Benvolguda comunitat escolar,<\/p>\n<p>Avui divendres, 12 de mar\u00e7, s&#8217;ha celebrat la final escolar del Certamen de lectura en veu alta. Aquesta final ha perm\u00e8s que els mateixos alumnes seleccionessin, en funci\u00f3 d&#8217;una r\u00fabrica elaborada per a l&#8217;ocasi\u00f3, els representants de Cicle Mitj\u00e0 i Cicle Superior de l&#8217;Escola Abat Ruera a la semifinal territorial del certamen, en la qual els nostres semifinalistes s&#8217;enfrontaran a les habilitats lectores d&#8217;altres alumnes del territori.<\/p>\n<p>Certament, ha estat una final escolar molt disputada en la qual totes i tots els alumnes han mostrat un gran nivell.<\/p>\n<p>L&#8217;EQUIP DOCENT VOL FELICITAR ALS ALUMNES PER L&#8217;ESFOR\u00c7 QUE HAN FET DURANT ELS DIES DE PREPARACI\u00d3 DE LA LECTURA; S&#8217;HA EVIDENCIAT EL TREBALL FET DES DE L&#8217;\u00c0MBIT FAMILIAR I TOTS I TOTES ELS NENS I NENES HAN MOSTRAT UN MOLT BON NIVELL LECTOR.<\/p>\n<p>FELICITATS A TOTS I A TOTES!!!<\/p>\n<p>La seg\u00fcent fotografia correspon a les guanyadores de la final escolar i als\/ a les alumnes suplents.<\/p>\n<p><img loading=\"lazy\" decoding=\"async\" class=\"aligncenter size-full wp-image-3923\" src=\"https:\/\/agora.xtec.cat\/zer-pedrera\/wp-content\/uploads\/usu1473\/2021\/03\/20210312_123229-1-e1615553646825.jpg\" alt=\"\" width=\"202\" height=\"226\" \/><\/p>\n<p><strong>Si voleu veure les fotografies de tots\/-es els\/les nens\/-es durant la final, cliqueu <a href=\"https:\/\/photos.app.goo.gl\/Xy5cCGY5zyGcjAMHA\" target=\"_blank\" rel=\"noopener noreferrer\">AQU\u00cd<\/a><\/strong><\/p>\n<p>I si voleu m\u00e9s informaci\u00f3 sobre el certamen, cliqueu <a href=\"https:\/\/www.lecturaenveualta.cat\/\" target=\"_blank\" rel=\"noopener noreferrer\">AQU\u00cd<\/a><\/p>\n","protected":false},"excerpt":{"rendered":"<p>Benvolguda comunitat escolar,<br \/>\nAvui divendres, 12 de mar\u00e7, s&#8217;ha celebrat la final escolar del Certamen de lectura en veu alta. Aquesta final ha perm\u00e8s que els mateixos alumnes seleccionessin, en funci\u00f3 d&#8217;una r\u00fabrica elaborada per a l&#8217;ocasi\u00f3, els representants de Cicle Mitj\u00e0 i Cicle Superior de&hellip;  <a href=\"https:\/\/agora.xtec.cat\/zer-pedrera\/general\/final-escolar-del-certamen-de-lectura-en-veu-alta\/\" title=\"Read Final escolar del &#8220;Certamen de lectura en veu alta&#8221;. Escola Abat Ruera.\">Llegeix m\u00e9s\u00bb<\/a><\/p>\n","protected":false},"author":1,"featured_media":3925,"comment_status":"open","ping_status":"closed","sticky":false,"template":"","format":"standard","meta":{"_bbp_topic_count":0,"_bbp_reply_count":0,"_bbp_total_topic_count":0,"_bbp_total_reply_count":0,"_bbp_voice_count":0,"_bbp_anonymous_reply_count":0,"_bbp_topic_count_hidden":0,"_bbp_reply_count_hidden":0,"_bbp_forum_subforum_count":0,"footnotes":""},"categories":[110,1,29,89],"tags":[],"class_list":["post-3921","post","type-post","status-publish","format-standard","has-post-thumbnail","hentry","category-escola-abat-ruera","category-general","category-portada","category-primaria"],"post_mailing_queue_ids":[],"_links":{"self":[{"href":"https:\/\/agora.xtec.cat\/zer-pedrera\/wp-json\/wp\/v2\/posts\/3921","targetHints":{"allow":["GET"]}}],"collection":[{"href":"https:\/\/agora.xtec.cat\/zer-pedrera\/wp-json\/wp\/v2\/posts"}],"about":[{"href":"https:\/\/agora.xtec.cat\/zer-pedrera\/wp-json\/wp\/v2\/types\/post"}],"author":[{"embeddable":true,"href":"https:\/\/agora.xtec.cat\/zer-pedrera\/wp-json\/wp\/v2\/users\/1"}],"replies":[{"embeddable":true,"href":"https:\/\/agora.xtec.cat\/zer-pedrera\/wp-json\/wp\/v2\/comments?post=3921"}],"version-history":[{"count":2,"href":"https:\/\/agora.xtec.cat\/zer-pedrera\/wp-json\/wp\/v2\/posts\/3921\/revisions"}],"predecessor-version":[{"id":3929,"href":"https:\/\/agora.xtec.cat\/zer-pedrera\/wp-json\/wp\/v2\/posts\/3921\/revisions\/3929"}],"wp:featuredmedia":[{"embeddable":true,"href":"https:\/\/agora.xtec.cat\/zer-pedrera\/wp-json\/wp\/v2\/media\/3925"}],"wp:attachment":[{"href":"https:\/\/agora.xtec.cat\/zer-pedrera\/wp-json\/wp\/v2\/media?parent=3921"}],"wp:term":[{"taxonomy":"category","embeddable":true,"href":"https:\/\/agora.xtec.cat\/zer-pedrera\/wp-json\/wp\/v2\/categories?post=3921"},{"taxonomy":"post_tag","embeddable":true,"href":"https:\/\/agora.xtec.cat\/zer-pedrera\/wp-json\/wp\/v2\/tags?post=3921"}],"curies":[{"name":"wp","href":"https:\/\/api.w.org\/{rel}","templated":true}]}}