{"id":3890,"date":"2021-03-10T11:55:43","date_gmt":"2021-03-10T10:55:43","guid":{"rendered":"http:\/\/agora.xtec.cat\/zer-pedrera\/?p=3890"},"modified":"2021-03-10T11:55:43","modified_gmt":"2021-03-10T10:55:43","slug":"per-molts-anys-a-la-maria","status":"publish","type":"post","link":"https:\/\/agora.xtec.cat\/zer-pedrera\/escola-porcel-de-cervera\/per-molts-anys-a-la-maria\/","title":{"rendered":"Per molts anys a la Maria!!!!"},"content":{"rendered":"<p>Aquest dimarts, dia 9 de mar\u00e7, la Maria ha fet el seu aniversari. Per molts anys Maria, ja en tens 8!!!!<\/p>\n<p>Per a celebrar-ho, li vam cantar la can\u00e7\u00f3, vam tirar els 8 petards i li vam fer una corona. Ella va portar un joc xul\u00edssim amb el que vam jugar una estona abans de marxar. Ens ha agradat molt. \u00a0Moltes gr\u00e0cies!!!!<img loading=\"lazy\" decoding=\"async\" class=\"aligncenter  wp-image-3891\" src=\"https:\/\/agora.xtec.cat\/zer-pedrera\/wp-content\/uploads\/usu1473\/2021\/03\/1-1.jpg\" alt=\"\" width=\"404\" height=\"538\" \/><\/p>\n","protected":false},"excerpt":{"rendered":"<p>Aquest dimarts, dia 9 de mar\u00e7, la Maria ha fet el seu aniversari. Per molts anys Maria, ja en tens 8!!!!<br \/>\nPer a celebrar-ho, li vam cantar la can\u00e7\u00f3, vam tirar els 8 petards i li vam fer una corona. Ella va portar un joc xul\u00edssim&hellip;  <a href=\"https:\/\/agora.xtec.cat\/zer-pedrera\/escola-porcel-de-cervera\/per-molts-anys-a-la-maria\/\" title=\"Read Per molts anys a la Maria!!!!\">Llegeix m\u00e9s\u00bb<\/a><\/p>\n","protected":false},"author":1,"featured_media":3891,"comment_status":"open","ping_status":"closed","sticky":false,"template":"","format":"standard","meta":{"_bbp_topic_count":0,"_bbp_reply_count":0,"_bbp_total_topic_count":0,"_bbp_total_reply_count":0,"_bbp_voice_count":0,"_bbp_anonymous_reply_count":0,"_bbp_topic_count_hidden":0,"_bbp_reply_count_hidden":0,"_bbp_forum_subforum_count":0,"footnotes":""},"categories":[146,111],"tags":[147],"class_list":["post-3890","post","type-post","status-publish","format-standard","has-post-thumbnail","hentry","category-aniversaris","category-escola-porcel-de-cervera","tag-aniversaris"],"post_mailing_queue_ids":[],"_links":{"self":[{"href":"https:\/\/agora.xtec.cat\/zer-pedrera\/wp-json\/wp\/v2\/posts\/3890","targetHints":{"allow":["GET"]}}],"collection":[{"href":"https:\/\/agora.xtec.cat\/zer-pedrera\/wp-json\/wp\/v2\/posts"}],"about":[{"href":"https:\/\/agora.xtec.cat\/zer-pedrera\/wp-json\/wp\/v2\/types\/post"}],"author":[{"embeddable":true,"href":"https:\/\/agora.xtec.cat\/zer-pedrera\/wp-json\/wp\/v2\/users\/1"}],"replies":[{"embeddable":true,"href":"https:\/\/agora.xtec.cat\/zer-pedrera\/wp-json\/wp\/v2\/comments?post=3890"}],"version-history":[{"count":1,"href":"https:\/\/agora.xtec.cat\/zer-pedrera\/wp-json\/wp\/v2\/posts\/3890\/revisions"}],"predecessor-version":[{"id":3892,"href":"https:\/\/agora.xtec.cat\/zer-pedrera\/wp-json\/wp\/v2\/posts\/3890\/revisions\/3892"}],"wp:featuredmedia":[{"embeddable":true,"href":"https:\/\/agora.xtec.cat\/zer-pedrera\/wp-json\/wp\/v2\/media\/3891"}],"wp:attachment":[{"href":"https:\/\/agora.xtec.cat\/zer-pedrera\/wp-json\/wp\/v2\/media?parent=3890"}],"wp:term":[{"taxonomy":"category","embeddable":true,"href":"https:\/\/agora.xtec.cat\/zer-pedrera\/wp-json\/wp\/v2\/categories?post=3890"},{"taxonomy":"post_tag","embeddable":true,"href":"https:\/\/agora.xtec.cat\/zer-pedrera\/wp-json\/wp\/v2\/tags?post=3890"}],"curies":[{"name":"wp","href":"https:\/\/api.w.org\/{rel}","templated":true}]}}