{"id":3874,"date":"2021-03-12T16:48:52","date_gmt":"2021-03-12T15:48:52","guid":{"rendered":"http:\/\/agora.xtec.cat\/zer-pedrera\/?p=3874"},"modified":"2021-03-12T16:48:52","modified_gmt":"2021-03-12T15:48:52","slug":"millorem-el-medi-ambient-escola-porcel-de-cervera","status":"publish","type":"post","link":"https:\/\/agora.xtec.cat\/zer-pedrera\/general\/millorem-el-medi-ambient-escola-porcel-de-cervera\/","title":{"rendered":"Millorem el medi ambient. Escola Porcel de Cervera"},"content":{"rendered":"<p>Els alumnes de CM i CS continuem treballant l&#8217;energia.<\/p>\n<p>A classe hem vist la import\u00e0ncia de posar el nostre granet de sorra a intentar no contaminar el medi ambient. Junts hem buscat una s\u00e8rie d&#8217;accions per intentar reduir-la.<\/p>\n<p>Posteriorment, els hi hem presentat als nostres companys i companyes de l&#8217;escola, els alumnes d&#8217;educaci\u00f3 infantil i CI.<\/p>\n<p>Podeu veure les fotos del proc\u00e9s i el v\u00eddeo del moment clicant a continuaci\u00f3:<\/p>\n<p style=\"text-align: center;\"><a href=\"https:\/\/photos.app.goo.gl\/neGh4z3DYcyR9xcj7\"><img loading=\"lazy\" decoding=\"async\" class=\"aligncenter size-full wp-image-3938\" src=\"https:\/\/agora.xtec.cat\/zer-pedrera\/wp-content\/uploads\/usu1473\/2021\/03\/IMG_20210312_162606.jpg\" alt=\"\" width=\"577\" height=\"433\" srcset=\"https:\/\/agora.xtec.cat\/zer-pedrera\/wp-content\/uploads\/usu1473\/2021\/03\/IMG_20210312_162606.jpg 577w, https:\/\/agora.xtec.cat\/zer-pedrera\/wp-content\/uploads\/usu1473\/2021\/03\/IMG_20210312_162606-300x225.jpg 300w, https:\/\/agora.xtec.cat\/zer-pedrera\/wp-content\/uploads\/usu1473\/2021\/03\/IMG_20210312_162606-200x150.jpg 200w\" sizes=\"auto, (max-width: 577px) 100vw, 577px\" \/><\/a><\/p>\n","protected":false},"excerpt":{"rendered":"<p>Els alumnes de CM i CS continuem treballant l&#8217;energia.<br \/>\nA classe hem vist la import\u00e0ncia de posar el nostre granet de sorra a intentar no contaminar el medi ambient. Junts hem buscat una s\u00e8rie d&#8217;accions per intentar reduir-la.<br \/>\nPosteriorment, els hi hem presentat als nostres companys i&hellip;  <a href=\"https:\/\/agora.xtec.cat\/zer-pedrera\/general\/millorem-el-medi-ambient-escola-porcel-de-cervera\/\" title=\"Read Millorem el medi ambient. Escola Porcel de Cervera\">Llegeix m\u00e9s\u00bb<\/a><\/p>\n","protected":false},"author":1,"featured_media":3880,"comment_status":"open","ping_status":"closed","sticky":false,"template":"","format":"standard","meta":{"_bbp_topic_count":0,"_bbp_reply_count":0,"_bbp_total_topic_count":0,"_bbp_total_reply_count":0,"_bbp_voice_count":0,"_bbp_anonymous_reply_count":0,"_bbp_topic_count_hidden":0,"_bbp_reply_count_hidden":0,"_bbp_forum_subforum_count":0,"footnotes":""},"categories":[111,1,29,89],"tags":[],"class_list":["post-3874","post","type-post","status-publish","format-standard","has-post-thumbnail","hentry","category-escola-porcel-de-cervera","category-general","category-portada","category-primaria"],"post_mailing_queue_ids":[],"_links":{"self":[{"href":"https:\/\/agora.xtec.cat\/zer-pedrera\/wp-json\/wp\/v2\/posts\/3874","targetHints":{"allow":["GET"]}}],"collection":[{"href":"https:\/\/agora.xtec.cat\/zer-pedrera\/wp-json\/wp\/v2\/posts"}],"about":[{"href":"https:\/\/agora.xtec.cat\/zer-pedrera\/wp-json\/wp\/v2\/types\/post"}],"author":[{"embeddable":true,"href":"https:\/\/agora.xtec.cat\/zer-pedrera\/wp-json\/wp\/v2\/users\/1"}],"replies":[{"embeddable":true,"href":"https:\/\/agora.xtec.cat\/zer-pedrera\/wp-json\/wp\/v2\/comments?post=3874"}],"version-history":[{"count":4,"href":"https:\/\/agora.xtec.cat\/zer-pedrera\/wp-json\/wp\/v2\/posts\/3874\/revisions"}],"predecessor-version":[{"id":3943,"href":"https:\/\/agora.xtec.cat\/zer-pedrera\/wp-json\/wp\/v2\/posts\/3874\/revisions\/3943"}],"wp:featuredmedia":[{"embeddable":true,"href":"https:\/\/agora.xtec.cat\/zer-pedrera\/wp-json\/wp\/v2\/media\/3880"}],"wp:attachment":[{"href":"https:\/\/agora.xtec.cat\/zer-pedrera\/wp-json\/wp\/v2\/media?parent=3874"}],"wp:term":[{"taxonomy":"category","embeddable":true,"href":"https:\/\/agora.xtec.cat\/zer-pedrera\/wp-json\/wp\/v2\/categories?post=3874"},{"taxonomy":"post_tag","embeddable":true,"href":"https:\/\/agora.xtec.cat\/zer-pedrera\/wp-json\/wp\/v2\/tags?post=3874"}],"curies":[{"name":"wp","href":"https:\/\/api.w.org\/{rel}","templated":true}]}}