{"id":3850,"date":"2021-03-05T11:00:40","date_gmt":"2021-03-05T10:00:40","guid":{"rendered":"http:\/\/agora.xtec.cat\/zer-pedrera\/?p=3850"},"modified":"2021-03-05T11:00:40","modified_gmt":"2021-03-05T10:00:40","slug":"enginyeria-escolar-cicles-mitja-i-superior-escola-abat-ruera","status":"publish","type":"post","link":"https:\/\/agora.xtec.cat\/zer-pedrera\/general\/enginyeria-escolar-cicles-mitja-i-superior-escola-abat-ruera\/","title":{"rendered":"Enginyeria escolar. Cicles Mitj\u00e0 i Superior, escola Abat Ruera."},"content":{"rendered":"<p>En el marc del projecte &#8220;Mat\u00e8ria i energia&#8221; i com a culminaci\u00f3 de l&#8217;apartat d&#8217;energia, els alumnes de Cicle Mitj\u00e0 i Cicle Superior s&#8217;han convertit en aut\u00e8ntics enginyers.<\/p>\n<p>Per arribar fins aqu\u00ed, per\u00f2, hem hagut de saber quines fonts d&#8217;energia existeixen, quins s\u00f3n els diferents tipus d&#8217;energia i les seves propietats.<\/p>\n<p style=\"text-align: center;\"><strong>MIREU QUINS MURALS TAN CLARIFICADORS SOBRE LES PROPIETATS DE L&#8217;ENERGIA QUE HAN FET! CLIQUEU SOBRE LA IMATGE!<\/strong><\/p>\n<p><a href=\"https:\/\/photos.app.goo.gl\/D2rcuAiJYTQkhnmT7\" target=\"_blank\" rel=\"noopener noreferrer\"><img loading=\"lazy\" decoding=\"async\" class=\"aligncenter size-full wp-image-3851\" src=\"https:\/\/agora.xtec.cat\/zer-pedrera\/wp-content\/uploads\/usu1473\/2021\/03\/baixa.png\" alt=\"\" width=\"197\" height=\"255\" \/><\/a><\/p>\n<p>Un cop hem esdevingut grans coneixedors del m\u00f3n de l&#8217;energia, ja podem exercir com a enginyers!<\/p>\n<p><strong>GRUP 1<\/strong><\/p>\n<p>Constru\u00efm un <strong>ascensor<\/strong> amb un motor el\u00e8ctric superpotent i comandament de control pujada i baixada. Tecnologia punta a mans de l&#8217;Aina G, el Frank i la Martina. Molta sort!<\/p>\n<p><img loading=\"lazy\" decoding=\"async\" class=\"aligncenter size-full wp-image-3858\" src=\"https:\/\/agora.xtec.cat\/zer-pedrera\/wp-content\/uploads\/usu1473\/2021\/03\/WhatsApp-Image-2021-03-05-at-10.26.54.jpeg\" alt=\"\" width=\"202\" height=\"448\" srcset=\"https:\/\/agora.xtec.cat\/zer-pedrera\/wp-content\/uploads\/usu1473\/2021\/03\/WhatsApp-Image-2021-03-05-at-10.26.54.jpeg 202w, https:\/\/agora.xtec.cat\/zer-pedrera\/wp-content\/uploads\/usu1473\/2021\/03\/WhatsApp-Image-2021-03-05-at-10.26.54-135x300.jpeg 135w\" sizes=\"auto, (max-width: 202px) 100vw, 202px\" \/><\/p>\n<p><strong>GRUP 2<\/strong><\/p>\n<p>Ens atrevim a construir un <strong>sistema de generaci\u00f3 de corrent el\u00e8ctrica a trav\u00e9s d&#8217;energia e\u00f2lica<\/strong>. A partir d&#8217;un potent motor el\u00e8ctric generarem el corrent d&#8217;aire suficient com per fer girar unes aspes connectades a un generador el\u00e8ctric que encendr\u00e0 un petit led. Un gran repte per a l&#8217;Ariadna, l&#8217;Edna, la Carla, el Gerard T. i el Joel.<\/p>\n<p><img loading=\"lazy\" decoding=\"async\" class=\"aligncenter size-full wp-image-3854\" src=\"https:\/\/agora.xtec.cat\/zer-pedrera\/wp-content\/uploads\/usu1473\/2021\/03\/WhatsApp-Image-2021-03-05-at-10.26.54-3.jpeg\" alt=\"\" width=\"202\" height=\"448\" srcset=\"https:\/\/agora.xtec.cat\/zer-pedrera\/wp-content\/uploads\/usu1473\/2021\/03\/WhatsApp-Image-2021-03-05-at-10.26.54-3.jpeg 202w, https:\/\/agora.xtec.cat\/zer-pedrera\/wp-content\/uploads\/usu1473\/2021\/03\/WhatsApp-Image-2021-03-05-at-10.26.54-3-135x300.jpeg 135w\" sizes=\"auto, (max-width: 202px) 100vw, 202px\" \/><\/p>\n<p><img loading=\"lazy\" decoding=\"async\" class=\"aligncenter size-full wp-image-3856\" src=\"https:\/\/agora.xtec.cat\/zer-pedrera\/wp-content\/uploads\/usu1473\/2021\/03\/WhatsApp-Image-2021-03-05-at-10.26.54-5.jpeg\" alt=\"\" width=\"448\" height=\"202\" srcset=\"https:\/\/agora.xtec.cat\/zer-pedrera\/wp-content\/uploads\/usu1473\/2021\/03\/WhatsApp-Image-2021-03-05-at-10.26.54-5.jpeg 448w, https:\/\/agora.xtec.cat\/zer-pedrera\/wp-content\/uploads\/usu1473\/2021\/03\/WhatsApp-Image-2021-03-05-at-10.26.54-5-300x135.jpeg 300w\" sizes=\"auto, (max-width: 448px) 100vw, 448px\" \/><\/p>\n<p><strong>GRUP 3<\/strong><\/p>\n<p>Constru\u00efm una <strong>turbina<\/strong>! Seria genial que la turbina gir\u00e9s gr\u00e0cies a l&#8217;energia hidr\u00e0ulica i que aquesta an\u00e9s connectada a un generador&#8230; Per\u00f2 no tenim tants mitjans! Per tant, nosaltres fem girar la turbina a partir d&#8217;un motor el\u00e8ctric i un sistema de politja. Una gran tasca a realitzar per part del Derian, el Gerard N. i el Gerard S.<\/p>\n<p><img loading=\"lazy\" decoding=\"async\" class=\"aligncenter size-full wp-image-3853\" src=\"https:\/\/agora.xtec.cat\/zer-pedrera\/wp-content\/uploads\/usu1473\/2021\/03\/WhatsApp-Image-2021-03-05-at-10.26.54-2.jpeg\" alt=\"\" width=\"202\" height=\"448\" srcset=\"https:\/\/agora.xtec.cat\/zer-pedrera\/wp-content\/uploads\/usu1473\/2021\/03\/WhatsApp-Image-2021-03-05-at-10.26.54-2.jpeg 202w, https:\/\/agora.xtec.cat\/zer-pedrera\/wp-content\/uploads\/usu1473\/2021\/03\/WhatsApp-Image-2021-03-05-at-10.26.54-2-135x300.jpeg 135w\" sizes=\"auto, (max-width: 202px) 100vw, 202px\" \/><\/p>\n<p><img loading=\"lazy\" decoding=\"async\" class=\"aligncenter size-full wp-image-3857\" src=\"https:\/\/agora.xtec.cat\/zer-pedrera\/wp-content\/uploads\/usu1473\/2021\/03\/WhatsApp-Image-2021-03-05-at-10.26.54-6.jpeg\" alt=\"\" width=\"448\" height=\"202\" srcset=\"https:\/\/agora.xtec.cat\/zer-pedrera\/wp-content\/uploads\/usu1473\/2021\/03\/WhatsApp-Image-2021-03-05-at-10.26.54-6.jpeg 448w, https:\/\/agora.xtec.cat\/zer-pedrera\/wp-content\/uploads\/usu1473\/2021\/03\/WhatsApp-Image-2021-03-05-at-10.26.54-6-300x135.jpeg 300w\" sizes=\"auto, (max-width: 448px) 100vw, 448px\" \/><\/p>\n<p><strong>GRUP 4<\/strong><\/p>\n<p>El gran repte del c<strong>otxe el\u00e8ctric solar teledirigit<\/strong>, sens dubte tot un desafiament tecnol\u00f2gic que afronten amb valentia la Laia, el Jordi, l&#8217;Aina P. i Gerard M.<\/p>\n<p><img loading=\"lazy\" decoding=\"async\" class=\"aligncenter size-full wp-image-3852\" src=\"https:\/\/agora.xtec.cat\/zer-pedrera\/wp-content\/uploads\/usu1473\/2021\/03\/WhatsApp-Image-2021-03-05-at-10.26.54-1.jpeg\" alt=\"\" width=\"202\" height=\"448\" srcset=\"https:\/\/agora.xtec.cat\/zer-pedrera\/wp-content\/uploads\/usu1473\/2021\/03\/WhatsApp-Image-2021-03-05-at-10.26.54-1.jpeg 202w, https:\/\/agora.xtec.cat\/zer-pedrera\/wp-content\/uploads\/usu1473\/2021\/03\/WhatsApp-Image-2021-03-05-at-10.26.54-1-135x300.jpeg 135w\" sizes=\"auto, (max-width: 202px) 100vw, 202px\" \/><\/p>\n<p><img loading=\"lazy\" decoding=\"async\" class=\"aligncenter size-full wp-image-3855\" src=\"https:\/\/agora.xtec.cat\/zer-pedrera\/wp-content\/uploads\/usu1473\/2021\/03\/WhatsApp-Image-2021-03-05-at-10.26.54-4.jpeg\" alt=\"\" width=\"448\" height=\"202\" srcset=\"https:\/\/agora.xtec.cat\/zer-pedrera\/wp-content\/uploads\/usu1473\/2021\/03\/WhatsApp-Image-2021-03-05-at-10.26.54-4.jpeg 448w, https:\/\/agora.xtec.cat\/zer-pedrera\/wp-content\/uploads\/usu1473\/2021\/03\/WhatsApp-Image-2021-03-05-at-10.26.54-4-300x135.jpeg 300w\" sizes=\"auto, (max-width: 448px) 100vw, 448px\" \/><\/p>\n<p><strong>Si voleu veure els resultats, NO US PERDEU LES PUBLICACIONS DE LA SETMANA VINENT!!!<\/strong><\/p>\n","protected":false},"excerpt":{"rendered":"<p>En el marc del projecte &#8220;Mat\u00e8ria i energia&#8221; i com a culminaci\u00f3 de l&#8217;apartat d&#8217;energia, els alumnes de Cicle Mitj\u00e0 i Cicle Superior s&#8217;han convertit en aut\u00e8ntics enginyers.<br \/>\nPer arribar fins aqu\u00ed, per\u00f2, hem hagut de saber quines fonts d&#8217;energia existeixen, quins s\u00f3n els diferents tipus&hellip;  <a href=\"https:\/\/agora.xtec.cat\/zer-pedrera\/general\/enginyeria-escolar-cicles-mitja-i-superior-escola-abat-ruera\/\" title=\"Read Enginyeria escolar. Cicles Mitj\u00e0 i Superior, escola Abat Ruera.\">Llegeix m\u00e9s\u00bb<\/a><\/p>\n","protected":false},"author":1,"featured_media":3855,"comment_status":"open","ping_status":"closed","sticky":false,"template":"","format":"standard","meta":{"_bbp_topic_count":0,"_bbp_reply_count":0,"_bbp_total_topic_count":0,"_bbp_total_reply_count":0,"_bbp_voice_count":0,"_bbp_anonymous_reply_count":0,"_bbp_topic_count_hidden":0,"_bbp_reply_count_hidden":0,"_bbp_forum_subforum_count":0,"footnotes":""},"categories":[110,1,29,89],"tags":[],"class_list":["post-3850","post","type-post","status-publish","format-standard","has-post-thumbnail","hentry","category-escola-abat-ruera","category-general","category-portada","category-primaria"],"post_mailing_queue_ids":[],"_links":{"self":[{"href":"https:\/\/agora.xtec.cat\/zer-pedrera\/wp-json\/wp\/v2\/posts\/3850","targetHints":{"allow":["GET"]}}],"collection":[{"href":"https:\/\/agora.xtec.cat\/zer-pedrera\/wp-json\/wp\/v2\/posts"}],"about":[{"href":"https:\/\/agora.xtec.cat\/zer-pedrera\/wp-json\/wp\/v2\/types\/post"}],"author":[{"embeddable":true,"href":"https:\/\/agora.xtec.cat\/zer-pedrera\/wp-json\/wp\/v2\/users\/1"}],"replies":[{"embeddable":true,"href":"https:\/\/agora.xtec.cat\/zer-pedrera\/wp-json\/wp\/v2\/comments?post=3850"}],"version-history":[{"count":1,"href":"https:\/\/agora.xtec.cat\/zer-pedrera\/wp-json\/wp\/v2\/posts\/3850\/revisions"}],"predecessor-version":[{"id":3859,"href":"https:\/\/agora.xtec.cat\/zer-pedrera\/wp-json\/wp\/v2\/posts\/3850\/revisions\/3859"}],"wp:featuredmedia":[{"embeddable":true,"href":"https:\/\/agora.xtec.cat\/zer-pedrera\/wp-json\/wp\/v2\/media\/3855"}],"wp:attachment":[{"href":"https:\/\/agora.xtec.cat\/zer-pedrera\/wp-json\/wp\/v2\/media?parent=3850"}],"wp:term":[{"taxonomy":"category","embeddable":true,"href":"https:\/\/agora.xtec.cat\/zer-pedrera\/wp-json\/wp\/v2\/categories?post=3850"},{"taxonomy":"post_tag","embeddable":true,"href":"https:\/\/agora.xtec.cat\/zer-pedrera\/wp-json\/wp\/v2\/tags?post=3850"}],"curies":[{"name":"wp","href":"https:\/\/api.w.org\/{rel}","templated":true}]}}