{"id":3837,"date":"2021-03-02T19:19:47","date_gmt":"2021-03-02T18:19:47","guid":{"rendered":"http:\/\/agora.xtec.cat\/zer-pedrera\/?p=3837"},"modified":"2021-12-16T19:49:33","modified_gmt":"2021-12-16T18:49:33","slug":"escola-abat-ruera-afanoc","status":"publish","type":"post","link":"https:\/\/agora.xtec.cat\/zer-pedrera\/general\/escola-abat-ruera-afanoc\/","title":{"rendered":"Escola Abat Ruera. AFANOC"},"content":{"rendered":"<p>L\u2019Associaci\u00f3 de Familiars i Amics de Nens Oncol\u00f2gics de Catalunya (AFANOC) va ser constitu\u00efda el 1987 per un grup de mares i pares que van veure la necessitat d\u2019unir-se per treballar en la millora de la qualitat de vida de tots aquests nens i nenes i incidir en totes les necessitats i desconeixement que envoltaven el c\u00e0ncer infantil.<\/p>\n<p>Des de fa anys aquesta associaci\u00f3 fa\u00a0 diverses activitats. Enguany tots els alumnes de l&#8217;escola Abat Ruera hem volgut participar en una d&#8217;elles pintant una mandala. Els alumnes han conegut l&#8217;AFANOC, les seves activitats i sobretot el programa &#8221; La casa dels Xuklis&#8221;. Per ells ha estat molt emocionant poder participar i que els seus dibuixos arribin a l&#8217;associaci\u00f3.<\/p>\n<p>Per veure m\u00e9s fotografies clicar damunt la imatge.<\/p>\n<p><a href=\"https:\/\/photos.app.goo.gl\/wrXZ1G4dEpiGEXYd7\" target=\"_blank\" rel=\"noopener\"><img loading=\"lazy\" decoding=\"async\" class=\"aligncenter size-full wp-image-3838\" src=\"https:\/\/agora.xtec.cat\/zer-pedrera\/wp-content\/uploads\/usu1473\/2021\/03\/mini-3-.jpeg\" alt=\"\" width=\"375\" height=\"666\" srcset=\"https:\/\/agora.xtec.cat\/zer-pedrera\/wp-content\/uploads\/usu1473\/2021\/03\/mini-3-.jpeg 375w, https:\/\/agora.xtec.cat\/zer-pedrera\/wp-content\/uploads\/usu1473\/2021\/03\/mini-3--169x300.jpeg 169w\" sizes=\"auto, (max-width: 375px) 100vw, 375px\" \/><\/a><\/p>\n<p>&nbsp;<\/p>\n<p>&nbsp;<\/p>\n<p>&nbsp;<\/p>\n","protected":false},"excerpt":{"rendered":"<p>L\u2019Associaci\u00f3 de Familiars i Amics de Nens Oncol\u00f2gics de Catalunya (AFANOC) va ser constitu\u00efda el 1987 per un grup de mares i pares que van veure la necessitat d\u2019unir-se per treballar en la millora de la qualitat de vida de tots aquests nens i nenes&hellip;  <a href=\"https:\/\/agora.xtec.cat\/zer-pedrera\/general\/escola-abat-ruera-afanoc\/\" title=\"Read Escola Abat Ruera. AFANOC\">Llegeix m\u00e9s\u00bb<\/a><\/p>\n","protected":false},"author":1,"featured_media":3838,"comment_status":"open","ping_status":"closed","sticky":false,"template":"","format":"standard","meta":{"_bbp_topic_count":0,"_bbp_reply_count":0,"_bbp_total_topic_count":0,"_bbp_total_reply_count":0,"_bbp_voice_count":0,"_bbp_anonymous_reply_count":0,"_bbp_topic_count_hidden":0,"_bbp_reply_count_hidden":0,"_bbp_forum_subforum_count":0,"footnotes":""},"categories":[110,1,29,89],"tags":[],"class_list":["post-3837","post","type-post","status-publish","format-standard","has-post-thumbnail","hentry","category-escola-abat-ruera","category-general","category-portada","category-primaria"],"post_mailing_queue_ids":[],"_links":{"self":[{"href":"https:\/\/agora.xtec.cat\/zer-pedrera\/wp-json\/wp\/v2\/posts\/3837","targetHints":{"allow":["GET"]}}],"collection":[{"href":"https:\/\/agora.xtec.cat\/zer-pedrera\/wp-json\/wp\/v2\/posts"}],"about":[{"href":"https:\/\/agora.xtec.cat\/zer-pedrera\/wp-json\/wp\/v2\/types\/post"}],"author":[{"embeddable":true,"href":"https:\/\/agora.xtec.cat\/zer-pedrera\/wp-json\/wp\/v2\/users\/1"}],"replies":[{"embeddable":true,"href":"https:\/\/agora.xtec.cat\/zer-pedrera\/wp-json\/wp\/v2\/comments?post=3837"}],"version-history":[{"count":2,"href":"https:\/\/agora.xtec.cat\/zer-pedrera\/wp-json\/wp\/v2\/posts\/3837\/revisions"}],"predecessor-version":[{"id":5089,"href":"https:\/\/agora.xtec.cat\/zer-pedrera\/wp-json\/wp\/v2\/posts\/3837\/revisions\/5089"}],"wp:featuredmedia":[{"embeddable":true,"href":"https:\/\/agora.xtec.cat\/zer-pedrera\/wp-json\/wp\/v2\/media\/3838"}],"wp:attachment":[{"href":"https:\/\/agora.xtec.cat\/zer-pedrera\/wp-json\/wp\/v2\/media?parent=3837"}],"wp:term":[{"taxonomy":"category","embeddable":true,"href":"https:\/\/agora.xtec.cat\/zer-pedrera\/wp-json\/wp\/v2\/categories?post=3837"},{"taxonomy":"post_tag","embeddable":true,"href":"https:\/\/agora.xtec.cat\/zer-pedrera\/wp-json\/wp\/v2\/tags?post=3837"}],"curies":[{"name":"wp","href":"https:\/\/api.w.org\/{rel}","templated":true}]}}