{"id":3786,"date":"2021-03-01T18:42:12","date_gmt":"2021-03-01T17:42:12","guid":{"rendered":"http:\/\/agora.xtec.cat\/zer-pedrera\/?p=3786"},"modified":"2021-11-23T21:54:31","modified_gmt":"2021-11-23T20:54:31","slug":"ci-de-lescola-abat-ruera-gaudim-amb-la-lectura","status":"publish","type":"post","link":"https:\/\/agora.xtec.cat\/zer-pedrera\/general\/ci-de-lescola-abat-ruera-gaudim-amb-la-lectura\/","title":{"rendered":"CI de l&#8217;escola Abat Ruera. Gaudim amb la lectura."},"content":{"rendered":"<p>La lectura \u00e9s un pilar molt important per l&#8217;adquisici\u00f3 dels aprenentatges per\u00f2 un dels grans objectius a nivell de cicle \u00e9s que gaudeixin llegint. Per aquest motiu a CI treballem de lectura de forma col\u00b7lectiva, a trav\u00e9s contes, revistes, enciclop\u00e8dies infantils, llibres d&#8217;investigaci\u00f3, biografies,&#8230;i tamb\u00e9 diaris. Quan arriba a l&#8217;escola &#8220;Som Garrigues&#8221; dediquem una estona a gaudir de la seva lectura i de descobrir cada un dels seus apartats. Aquest mes hem descobert els passatemps i no hem pogut evitar de fer-los!!!<\/p>\n<p><img loading=\"lazy\" decoding=\"async\" class=\"aligncenter size-full wp-image-3791\" src=\"https:\/\/agora.xtec.cat\/zer-pedrera\/wp-content\/uploads\/usu1473\/2021\/02\/mini-1-1.jpeg\" alt=\"\" width=\"666\" height=\"375\" srcset=\"https:\/\/agora.xtec.cat\/zer-pedrera\/wp-content\/uploads\/usu1473\/2021\/02\/mini-1-1.jpeg 666w, https:\/\/agora.xtec.cat\/zer-pedrera\/wp-content\/uploads\/usu1473\/2021\/02\/mini-1-1-300x169.jpeg 300w\" sizes=\"auto, (max-width: 666px) 100vw, 666px\" \/><\/p>\n<p>&nbsp;<\/p>\n<p>&nbsp;<\/p>\n","protected":false},"excerpt":{"rendered":"<p>La lectura \u00e9s un pilar molt important per l&#8217;adquisici\u00f3 dels aprenentatges per\u00f2 un dels grans objectius a nivell de cicle \u00e9s que gaudeixin llegint. Per aquest motiu a CI treballem de lectura de forma col\u00b7lectiva, a trav\u00e9s contes, revistes, enciclop\u00e8dies infantils, llibres d&#8217;investigaci\u00f3, biografies,&#8230;i tamb\u00e9&hellip;  <a href=\"https:\/\/agora.xtec.cat\/zer-pedrera\/general\/ci-de-lescola-abat-ruera-gaudim-amb-la-lectura\/\" title=\"Read CI de l&#8217;escola Abat Ruera. Gaudim amb la lectura.\">Llegeix m\u00e9s\u00bb<\/a><\/p>\n","protected":false},"author":1,"featured_media":3791,"comment_status":"open","ping_status":"closed","sticky":false,"template":"","format":"standard","meta":{"_bbp_topic_count":0,"_bbp_reply_count":0,"_bbp_total_topic_count":0,"_bbp_total_reply_count":0,"_bbp_voice_count":0,"_bbp_anonymous_reply_count":0,"_bbp_topic_count_hidden":0,"_bbp_reply_count_hidden":0,"_bbp_forum_subforum_count":0,"footnotes":""},"categories":[110,1,29,89],"tags":[],"class_list":["post-3786","post","type-post","status-publish","format-standard","has-post-thumbnail","hentry","category-escola-abat-ruera","category-general","category-portada","category-primaria"],"post_mailing_queue_ids":[],"_links":{"self":[{"href":"https:\/\/agora.xtec.cat\/zer-pedrera\/wp-json\/wp\/v2\/posts\/3786","targetHints":{"allow":["GET"]}}],"collection":[{"href":"https:\/\/agora.xtec.cat\/zer-pedrera\/wp-json\/wp\/v2\/posts"}],"about":[{"href":"https:\/\/agora.xtec.cat\/zer-pedrera\/wp-json\/wp\/v2\/types\/post"}],"author":[{"embeddable":true,"href":"https:\/\/agora.xtec.cat\/zer-pedrera\/wp-json\/wp\/v2\/users\/1"}],"replies":[{"embeddable":true,"href":"https:\/\/agora.xtec.cat\/zer-pedrera\/wp-json\/wp\/v2\/comments?post=3786"}],"version-history":[{"count":1,"href":"https:\/\/agora.xtec.cat\/zer-pedrera\/wp-json\/wp\/v2\/posts\/3786\/revisions"}],"predecessor-version":[{"id":3835,"href":"https:\/\/agora.xtec.cat\/zer-pedrera\/wp-json\/wp\/v2\/posts\/3786\/revisions\/3835"}],"wp:featuredmedia":[{"embeddable":true,"href":"https:\/\/agora.xtec.cat\/zer-pedrera\/wp-json\/wp\/v2\/media\/3791"}],"wp:attachment":[{"href":"https:\/\/agora.xtec.cat\/zer-pedrera\/wp-json\/wp\/v2\/media?parent=3786"}],"wp:term":[{"taxonomy":"category","embeddable":true,"href":"https:\/\/agora.xtec.cat\/zer-pedrera\/wp-json\/wp\/v2\/categories?post=3786"},{"taxonomy":"post_tag","embeddable":true,"href":"https:\/\/agora.xtec.cat\/zer-pedrera\/wp-json\/wp\/v2\/tags?post=3786"}],"curies":[{"name":"wp","href":"https:\/\/api.w.org\/{rel}","templated":true}]}}