{"id":3784,"date":"2021-03-01T18:43:46","date_gmt":"2021-03-01T17:43:46","guid":{"rendered":"http:\/\/agora.xtec.cat\/zer-pedrera\/?p=3784"},"modified":"2021-12-16T20:54:00","modified_gmt":"2021-12-16T19:54:00","slug":"ci-a-lescola-abat-ruera-la-piramide-dels-aliments","status":"publish","type":"post","link":"https:\/\/agora.xtec.cat\/zer-pedrera\/general\/ci-a-lescola-abat-ruera-la-piramide-dels-aliments\/","title":{"rendered":"CI a l&#8217;escola Abat Ruera. La pir\u00e0mide dels aliments."},"content":{"rendered":"<p>Els alumnes han conegut la finalitat de la pir\u00e0mide aliment\u00e0ria. De forma molt visual\u00a0 han descobert que existeixen diferents grups d&#8217;aliments i que els m\u00e9s importants per la nostra dieta es troben a la base i els que s\u00f3n menys s&#8217;ubiquen en el v\u00e8rtex superior.<\/p>\n<p>Per treballar-la els alumnes han portat de casa propaganda dels supermercats. A la classe han buscat, retallat i col\u00b7locat dins de la pir\u00e0mide els aliments escollits. De forma divertida han descobert la import\u00e0ncia d&#8217;una bona alimentaci\u00f3.<\/p>\n<p>Per mirar m\u00e9s fotografies clicar damunt de la fotografia.<\/p>\n<p><a href=\"https:\/\/photos.app.goo.gl\/zBETGWmPntD8xkDU6\" target=\"_blank\" rel=\"noopener\"><img loading=\"lazy\" decoding=\"async\" class=\"size-full wp-image-3785 aligncenter\" src=\"https:\/\/agora.xtec.cat\/zer-pedrera\/wp-content\/uploads\/usu1473\/2021\/02\/mini-3.jpeg\" alt=\"\" width=\"666\" height=\"375\" srcset=\"https:\/\/agora.xtec.cat\/zer-pedrera\/wp-content\/uploads\/usu1473\/2021\/02\/mini-3.jpeg 666w, https:\/\/agora.xtec.cat\/zer-pedrera\/wp-content\/uploads\/usu1473\/2021\/02\/mini-3-300x169.jpeg 300w\" sizes=\"auto, (max-width: 666px) 100vw, 666px\" \/><\/a><\/p>\n<p>&nbsp;<\/p>\n","protected":false},"excerpt":{"rendered":"<p>Els alumnes han conegut la finalitat de la pir\u00e0mide aliment\u00e0ria. De forma molt visual\u00a0 han descobert que existeixen diferents grups d&#8217;aliments i que els m\u00e9s importants per la nostra dieta es troben a la base i els que s\u00f3n menys s&#8217;ubiquen en el v\u00e8rtex superior.<br \/>\nPer&hellip;  <a href=\"https:\/\/agora.xtec.cat\/zer-pedrera\/general\/ci-a-lescola-abat-ruera-la-piramide-dels-aliments\/\" title=\"Read CI a l&#8217;escola Abat Ruera. La pir\u00e0mide dels aliments.\">Llegeix m\u00e9s\u00bb<\/a><\/p>\n","protected":false},"author":1,"featured_media":3785,"comment_status":"open","ping_status":"closed","sticky":false,"template":"","format":"standard","meta":{"_bbp_topic_count":0,"_bbp_reply_count":0,"_bbp_total_topic_count":0,"_bbp_total_reply_count":0,"_bbp_voice_count":0,"_bbp_anonymous_reply_count":0,"_bbp_topic_count_hidden":0,"_bbp_reply_count_hidden":0,"_bbp_forum_subforum_count":0,"footnotes":""},"categories":[110,1,29,89],"tags":[],"class_list":["post-3784","post","type-post","status-publish","format-standard","has-post-thumbnail","hentry","category-escola-abat-ruera","category-general","category-portada","category-primaria"],"post_mailing_queue_ids":[],"_links":{"self":[{"href":"https:\/\/agora.xtec.cat\/zer-pedrera\/wp-json\/wp\/v2\/posts\/3784","targetHints":{"allow":["GET"]}}],"collection":[{"href":"https:\/\/agora.xtec.cat\/zer-pedrera\/wp-json\/wp\/v2\/posts"}],"about":[{"href":"https:\/\/agora.xtec.cat\/zer-pedrera\/wp-json\/wp\/v2\/types\/post"}],"author":[{"embeddable":true,"href":"https:\/\/agora.xtec.cat\/zer-pedrera\/wp-json\/wp\/v2\/users\/1"}],"replies":[{"embeddable":true,"href":"https:\/\/agora.xtec.cat\/zer-pedrera\/wp-json\/wp\/v2\/comments?post=3784"}],"version-history":[{"count":2,"href":"https:\/\/agora.xtec.cat\/zer-pedrera\/wp-json\/wp\/v2\/posts\/3784\/revisions"}],"predecessor-version":[{"id":5108,"href":"https:\/\/agora.xtec.cat\/zer-pedrera\/wp-json\/wp\/v2\/posts\/3784\/revisions\/5108"}],"wp:featuredmedia":[{"embeddable":true,"href":"https:\/\/agora.xtec.cat\/zer-pedrera\/wp-json\/wp\/v2\/media\/3785"}],"wp:attachment":[{"href":"https:\/\/agora.xtec.cat\/zer-pedrera\/wp-json\/wp\/v2\/media?parent=3784"}],"wp:term":[{"taxonomy":"category","embeddable":true,"href":"https:\/\/agora.xtec.cat\/zer-pedrera\/wp-json\/wp\/v2\/categories?post=3784"},{"taxonomy":"post_tag","embeddable":true,"href":"https:\/\/agora.xtec.cat\/zer-pedrera\/wp-json\/wp\/v2\/tags?post=3784"}],"curies":[{"name":"wp","href":"https:\/\/api.w.org\/{rel}","templated":true}]}}