{"id":3782,"date":"2021-02-28T13:51:02","date_gmt":"2021-02-28T12:51:02","guid":{"rendered":"http:\/\/agora.xtec.cat\/zer-pedrera\/?p=3782"},"modified":"2021-02-28T16:50:50","modified_gmt":"2021-02-28T15:50:50","slug":"la-forca-de-la-gravetat-classe-dels-petits-de-lescola-porcel-de-cervera","status":"publish","type":"post","link":"https:\/\/agora.xtec.cat\/zer-pedrera\/general\/la-forca-de-la-gravetat-classe-dels-petits-de-lescola-porcel-de-cervera\/","title":{"rendered":"La for\u00e7a de la gravetat. Classe dels petits de l&#8217;escola Porcel de Cervera"},"content":{"rendered":"<p>Aquesta setmana, dins del projecte interdisciplinari de l&#8217;univers, continuem treballant els coets. Hem parlat de com s&#8217;enlairen cap a l&#8217;espai, n&#8217;hem visionat diferents v\u00eddeos i hem parlat del per qu\u00e8 necessita uns motors tan potents en el moment d&#8217;enlairar-se. En la conversa ha sortit la paraula GRAVETAT i, a partir d&#8217;aqu\u00ed, hem parlat del qu\u00e8 significa, n&#8217;hem formulat hip\u00f2tesis i n&#8217;hem fet la comprovaci\u00f3. Despr\u00e9s hem experimentat amb els imants, explicant que l&#8217;atracci\u00f3 de la Terra sobre tots els objectes \u00e9s similar a la d&#8217;un imant. A partir d&#8217;aqu\u00ed, hem pintat un dibuix del planeta Terra utilitzant com a estris dos imants.<\/p>\n<p>&nbsp;<\/p>\n<p><img loading=\"lazy\" decoding=\"async\" class=\"aligncenter wp-image-3789\" src=\"https:\/\/agora.xtec.cat\/zer-pedrera\/wp-content\/uploads\/usu1473\/2021\/02\/1-1.jpg\" alt=\"\" width=\"243\" height=\"192\" \/><\/p>\n<p>Si voleu veure&#8217;n les fotos cliqueu <a href=\"https:\/\/photos.app.goo.gl\/yADhKXHaDy1igd8C8\">AQU\u00cd.<\/a><\/p>\n","protected":false},"excerpt":{"rendered":"<p>Aquesta setmana, dins del projecte interdisciplinari de l&#8217;univers, continuem treballant els coets. Hem parlat de com s&#8217;enlairen cap a l&#8217;espai, n&#8217;hem visionat diferents v\u00eddeos i hem parlat del per qu\u00e8 necessita uns motors tan potents en el moment d&#8217;enlairar-se. En la conversa ha sortit la&hellip;  <a href=\"https:\/\/agora.xtec.cat\/zer-pedrera\/general\/la-forca-de-la-gravetat-classe-dels-petits-de-lescola-porcel-de-cervera\/\" title=\"Read La for\u00e7a de la gravetat. Classe dels petits de l&#8217;escola Porcel de Cervera\">Llegeix m\u00e9s\u00bb<\/a><\/p>\n","protected":false},"author":1,"featured_media":0,"comment_status":"open","ping_status":"closed","sticky":false,"template":"","format":"standard","meta":{"_bbp_topic_count":0,"_bbp_reply_count":0,"_bbp_total_topic_count":0,"_bbp_total_reply_count":0,"_bbp_voice_count":0,"_bbp_anonymous_reply_count":0,"_bbp_topic_count_hidden":0,"_bbp_reply_count_hidden":0,"_bbp_forum_subforum_count":0,"footnotes":""},"categories":[113,1,116,29,89],"tags":[],"class_list":["post-3782","post","type-post","status-publish","format-standard","hentry","category-e-infantil","category-general","category-medi","category-portada","category-primaria"],"post_mailing_queue_ids":[],"_links":{"self":[{"href":"https:\/\/agora.xtec.cat\/zer-pedrera\/wp-json\/wp\/v2\/posts\/3782","targetHints":{"allow":["GET"]}}],"collection":[{"href":"https:\/\/agora.xtec.cat\/zer-pedrera\/wp-json\/wp\/v2\/posts"}],"about":[{"href":"https:\/\/agora.xtec.cat\/zer-pedrera\/wp-json\/wp\/v2\/types\/post"}],"author":[{"embeddable":true,"href":"https:\/\/agora.xtec.cat\/zer-pedrera\/wp-json\/wp\/v2\/users\/1"}],"replies":[{"embeddable":true,"href":"https:\/\/agora.xtec.cat\/zer-pedrera\/wp-json\/wp\/v2\/comments?post=3782"}],"version-history":[{"count":3,"href":"https:\/\/agora.xtec.cat\/zer-pedrera\/wp-json\/wp\/v2\/posts\/3782\/revisions"}],"predecessor-version":[{"id":3814,"href":"https:\/\/agora.xtec.cat\/zer-pedrera\/wp-json\/wp\/v2\/posts\/3782\/revisions\/3814"}],"wp:attachment":[{"href":"https:\/\/agora.xtec.cat\/zer-pedrera\/wp-json\/wp\/v2\/media?parent=3782"}],"wp:term":[{"taxonomy":"category","embeddable":true,"href":"https:\/\/agora.xtec.cat\/zer-pedrera\/wp-json\/wp\/v2\/categories?post=3782"},{"taxonomy":"post_tag","embeddable":true,"href":"https:\/\/agora.xtec.cat\/zer-pedrera\/wp-json\/wp\/v2\/tags?post=3782"}],"curies":[{"name":"wp","href":"https:\/\/api.w.org\/{rel}","templated":true}]}}