{"id":3779,"date":"2021-03-01T13:20:39","date_gmt":"2021-03-01T12:20:39","guid":{"rendered":"http:\/\/agora.xtec.cat\/zer-pedrera\/?p=3779"},"modified":"2021-03-01T13:20:39","modified_gmt":"2021-03-01T12:20:39","slug":"comencem-amb-el-tema-de-lenergia-escola-porcel-de-cervera","status":"publish","type":"post","link":"https:\/\/agora.xtec.cat\/zer-pedrera\/general\/comencem-amb-el-tema-de-lenergia-escola-porcel-de-cervera\/","title":{"rendered":"Comencem amb el tema de l&#8217;Energia! Escola Porcel de Cervera"},"content":{"rendered":"<p>Aquesta setmana a coneixement del medi hem comen\u00e7at a treballar el tema de l&#8217;energia.<\/p>\n<p><span style=\"font-family: inherit; font-size: 1em;\">Per comen\u00e7ar a treballar, hem fet un Qu\u00e8 en sabem?. <\/span><\/p>\n<p style=\"text-align: left;\"><span style=\"font-family: inherit; font-size: 1em;\">Despr\u00e9s, hem visualitzat una pel\u00b7l\u00edcula pedag\u00f2gica sobre el tema. Podeu descobrir de qu\u00e8 va en el seg\u00fcent enlla\u00e7:\u00a0 http:\/\/www.energia3d.es\/index.php?lang=CA&amp;page=inicio\u00a0<\/span><\/p>\n<p>Tot plegat, ha estat una manera diferent d&#8217;introduir un nou tema.<\/p>\n<p>Podeu veure les fotos clicant a l&#8217;emoticona <a href=\"https:\/\/photos.app.goo.gl\/9MdR8Rc2Txsk8D2F6\">\ud83d\udcf8<\/a><\/p>\n<p>&nbsp;<\/p>\n","protected":false},"excerpt":{"rendered":"<p>Aquesta setmana a coneixement del medi hem comen\u00e7at a treballar el tema de l&#8217;energia.<br \/>\nPer comen\u00e7ar a treballar, hem fet un Qu\u00e8 en sabem?.<br \/>\nDespr\u00e9s, hem visualitzat una pel\u00b7l\u00edcula pedag\u00f2gica sobre el tema. Podeu descobrir de qu\u00e8 va en el seg\u00fcent enlla\u00e7:\u00a0 http:\/\/www.energia3d.es\/index.php?lang=CA&amp;page=inicio\u00a0<br \/>\nTot plegat, ha estat&hellip;  <a href=\"https:\/\/agora.xtec.cat\/zer-pedrera\/general\/comencem-amb-el-tema-de-lenergia-escola-porcel-de-cervera\/\" title=\"Read Comencem amb el tema de l&#8217;Energia! Escola Porcel de Cervera\">Llegeix m\u00e9s\u00bb<\/a><\/p>\n","protected":false},"author":1,"featured_media":3834,"comment_status":"open","ping_status":"closed","sticky":false,"template":"","format":"standard","meta":{"_bbp_topic_count":0,"_bbp_reply_count":0,"_bbp_total_topic_count":0,"_bbp_total_reply_count":0,"_bbp_voice_count":0,"_bbp_anonymous_reply_count":0,"_bbp_topic_count_hidden":0,"_bbp_reply_count_hidden":0,"_bbp_forum_subforum_count":0,"footnotes":""},"categories":[111,1,29,89],"tags":[],"class_list":["post-3779","post","type-post","status-publish","format-standard","has-post-thumbnail","hentry","category-escola-porcel-de-cervera","category-general","category-portada","category-primaria"],"post_mailing_queue_ids":[],"_links":{"self":[{"href":"https:\/\/agora.xtec.cat\/zer-pedrera\/wp-json\/wp\/v2\/posts\/3779","targetHints":{"allow":["GET"]}}],"collection":[{"href":"https:\/\/agora.xtec.cat\/zer-pedrera\/wp-json\/wp\/v2\/posts"}],"about":[{"href":"https:\/\/agora.xtec.cat\/zer-pedrera\/wp-json\/wp\/v2\/types\/post"}],"author":[{"embeddable":true,"href":"https:\/\/agora.xtec.cat\/zer-pedrera\/wp-json\/wp\/v2\/users\/1"}],"replies":[{"embeddable":true,"href":"https:\/\/agora.xtec.cat\/zer-pedrera\/wp-json\/wp\/v2\/comments?post=3779"}],"version-history":[{"count":2,"href":"https:\/\/agora.xtec.cat\/zer-pedrera\/wp-json\/wp\/v2\/posts\/3779\/revisions"}],"predecessor-version":[{"id":3781,"href":"https:\/\/agora.xtec.cat\/zer-pedrera\/wp-json\/wp\/v2\/posts\/3779\/revisions\/3781"}],"wp:featuredmedia":[{"embeddable":true,"href":"https:\/\/agora.xtec.cat\/zer-pedrera\/wp-json\/wp\/v2\/media\/3834"}],"wp:attachment":[{"href":"https:\/\/agora.xtec.cat\/zer-pedrera\/wp-json\/wp\/v2\/media?parent=3779"}],"wp:term":[{"taxonomy":"category","embeddable":true,"href":"https:\/\/agora.xtec.cat\/zer-pedrera\/wp-json\/wp\/v2\/categories?post=3779"},{"taxonomy":"post_tag","embeddable":true,"href":"https:\/\/agora.xtec.cat\/zer-pedrera\/wp-json\/wp\/v2\/tags?post=3779"}],"curies":[{"name":"wp","href":"https:\/\/api.w.org\/{rel}","templated":true}]}}