{"id":3776,"date":"2021-02-26T16:20:43","date_gmt":"2021-02-26T15:20:43","guid":{"rendered":"http:\/\/agora.xtec.cat\/zer-pedrera\/?p=3776"},"modified":"2021-02-26T16:21:08","modified_gmt":"2021-02-26T15:21:08","slug":"erik-mora-guanyador-de-lenigma-de-la-setmana","status":"publish","type":"post","link":"https:\/\/agora.xtec.cat\/zer-pedrera\/general\/erik-mora-guanyador-de-lenigma-de-la-setmana\/","title":{"rendered":"\u00c8rik Mora, guanyador de l&#8217;enigma de la setmana!"},"content":{"rendered":"<p>S&#8217;ha fet esperar&#8230; Per\u00f2 qualsevol espera t\u00e9 premi! I finalment, l&#8217;\u00c8rik ha estat el vencedor de l&#8217;enigma de la setmana.<\/p>\n<p>Ell ha endevinat que &#8220;vol beure una Coca-Cola&#8221;!<\/p>\n<p>No \u00e9s pas una beguda massa bona per a la salut per\u00f2 a l&#8217;\u00c8rik li ha suposat el distintiu de guanyador.<\/p>\n<p>Felicitats!<\/p>\n<p>M\u00e9s fotos, cliqueu sobre l&#8217;\u00c8rik!<\/p>\n<p><a href=\"https:\/\/photos.app.goo.gl\/AmgV4TFQiwxYCgX76\" target=\"_blank\" rel=\"noopener noreferrer\"><img loading=\"lazy\" decoding=\"async\" class=\"aligncenter size-full wp-image-3777\" src=\"https:\/\/agora.xtec.cat\/zer-pedrera\/wp-content\/uploads\/usu1473\/2021\/02\/WhatsApp-Image-2021-02-26-at-16.17.13-3.jpeg\" alt=\"\" width=\"448\" height=\"202\" srcset=\"https:\/\/agora.xtec.cat\/zer-pedrera\/wp-content\/uploads\/usu1473\/2021\/02\/WhatsApp-Image-2021-02-26-at-16.17.13-3.jpeg 448w, https:\/\/agora.xtec.cat\/zer-pedrera\/wp-content\/uploads\/usu1473\/2021\/02\/WhatsApp-Image-2021-02-26-at-16.17.13-3-300x135.jpeg 300w\" sizes=\"auto, (max-width: 448px) 100vw, 448px\" \/><\/a><\/p>\n","protected":false},"excerpt":{"rendered":"<p>S&#8217;ha fet esperar&#8230; Per\u00f2 qualsevol espera t\u00e9 premi! I finalment, l&#8217;\u00c8rik ha estat el vencedor de l&#8217;enigma de la setmana.<br \/>\nEll ha endevinat que &#8220;vol beure una Coca-Cola&#8221;!<br \/>\nNo \u00e9s pas una beguda massa bona per a la salut per\u00f2 a l&#8217;\u00c8rik li ha suposat el distintiu&hellip;  <a href=\"https:\/\/agora.xtec.cat\/zer-pedrera\/general\/erik-mora-guanyador-de-lenigma-de-la-setmana\/\" title=\"Read \u00c8rik Mora, guanyador de l&#8217;enigma de la setmana!\">Llegeix m\u00e9s\u00bb<\/a><\/p>\n","protected":false},"author":1,"featured_media":3777,"comment_status":"open","ping_status":"closed","sticky":false,"template":"","format":"standard","meta":{"_bbp_topic_count":0,"_bbp_reply_count":0,"_bbp_total_topic_count":0,"_bbp_total_reply_count":0,"_bbp_voice_count":0,"_bbp_anonymous_reply_count":0,"_bbp_topic_count_hidden":0,"_bbp_reply_count_hidden":0,"_bbp_forum_subforum_count":0,"footnotes":""},"categories":[110,1,29,89],"tags":[],"class_list":["post-3776","post","type-post","status-publish","format-standard","has-post-thumbnail","hentry","category-escola-abat-ruera","category-general","category-portada","category-primaria"],"post_mailing_queue_ids":[],"_links":{"self":[{"href":"https:\/\/agora.xtec.cat\/zer-pedrera\/wp-json\/wp\/v2\/posts\/3776","targetHints":{"allow":["GET"]}}],"collection":[{"href":"https:\/\/agora.xtec.cat\/zer-pedrera\/wp-json\/wp\/v2\/posts"}],"about":[{"href":"https:\/\/agora.xtec.cat\/zer-pedrera\/wp-json\/wp\/v2\/types\/post"}],"author":[{"embeddable":true,"href":"https:\/\/agora.xtec.cat\/zer-pedrera\/wp-json\/wp\/v2\/users\/1"}],"replies":[{"embeddable":true,"href":"https:\/\/agora.xtec.cat\/zer-pedrera\/wp-json\/wp\/v2\/comments?post=3776"}],"version-history":[{"count":1,"href":"https:\/\/agora.xtec.cat\/zer-pedrera\/wp-json\/wp\/v2\/posts\/3776\/revisions"}],"predecessor-version":[{"id":3778,"href":"https:\/\/agora.xtec.cat\/zer-pedrera\/wp-json\/wp\/v2\/posts\/3776\/revisions\/3778"}],"wp:featuredmedia":[{"embeddable":true,"href":"https:\/\/agora.xtec.cat\/zer-pedrera\/wp-json\/wp\/v2\/media\/3777"}],"wp:attachment":[{"href":"https:\/\/agora.xtec.cat\/zer-pedrera\/wp-json\/wp\/v2\/media?parent=3776"}],"wp:term":[{"taxonomy":"category","embeddable":true,"href":"https:\/\/agora.xtec.cat\/zer-pedrera\/wp-json\/wp\/v2\/categories?post=3776"},{"taxonomy":"post_tag","embeddable":true,"href":"https:\/\/agora.xtec.cat\/zer-pedrera\/wp-json\/wp\/v2\/tags?post=3776"}],"curies":[{"name":"wp","href":"https:\/\/api.w.org\/{rel}","templated":true}]}}