{"id":3766,"date":"2021-02-26T16:00:33","date_gmt":"2021-02-26T15:00:33","guid":{"rendered":"http:\/\/agora.xtec.cat\/zer-pedrera\/?p=3766"},"modified":"2021-02-26T16:00:33","modified_gmt":"2021-02-26T15:00:33","slug":"novetats-biblioruera","status":"publish","type":"post","link":"https:\/\/agora.xtec.cat\/zer-pedrera\/general\/novetats-biblioruera\/","title":{"rendered":"Novetats BIBLIORUERA!"},"content":{"rendered":"<p>Benvolgudes fam\u00edlies,<\/p>\n<p>tenim el goig de comunicar-vos un seguit de novetats que contribuiran a millorar la nostra biblioteca escolar. la &#8220;BIBLIORUERA&#8221;!<\/p>\n<p><strong>LA PROPERA SETMANA S&#8217;INICIA EL PR\u00c9STEC DE LLIBRES DEL RECENT REVISAT, EXPURGAT, RENOVAT I CATALOGAT FONS BIBLIOGR\u00c0FIC DE L&#8217;ESCOLA ABAT RUERA!<\/strong><\/p>\n<p>Els nens i nenes de l&#8217;escola Abat Ruera podran agafar en pr\u00e9stec qualsevol dels llibres que formen part del nostre fons bibliogr\u00e0fic. Recentment, la coordinadora de la BIBLIORUERA, la Pili, ha catalogat i ha entrar al programa e-P\u00e8rgam cada un dels llibres de l&#8217;escola, m\u00e9s de 2000!. Aix\u00f2 ens permetr\u00e0 fer el pr\u00e9stec a trav\u00e9s d&#8217;un sistema inform\u00e0tic que ens facilitar\u00e0 molt les coses i contribuir\u00e0 a una millor gesti\u00f3 de la nostra biblioteca escolar.<\/p>\n<p>Tots els alumnes tindran un espai setmanal per a gestionar el pr\u00e9stec dels llibres que vulguin llegir al llarg de la setmana:<\/p>\n<ul>\n<li>pels alumnes de 1r-3r ser\u00e0 els dimarts, des de les 10.30 fins a les 11.00h.<\/li>\n<li>pels alumnes de 4t-6\u00e8 ser\u00e0 els dijous, des de les 10.30 fins a les 11.00h.<\/li>\n<\/ul>\n<p><strong>BIBLIOPATI<\/strong><\/p>\n<p>Jugar a futbol, jugar al parc, c\u00f3rrer, saltar&#8230; I per qu\u00e8 no llegir?<\/p>\n<p>Aquells nens i nenes que vulguin, els dimecres, podran baixar els seus llibres preferits al pati per tal de gaudir de la lectura en qualsevol dels bonics espais de la pla\u00e7a de Puiggr\u00f2s.<\/p>\n<p>I \u00e9s que tenim alumnes que gaudeixen llegint!!!<\/p>\n<p><img loading=\"lazy\" decoding=\"async\" class=\"aligncenter size-full wp-image-3767\" src=\"https:\/\/agora.xtec.cat\/zer-pedrera\/wp-content\/uploads\/usu1473\/2021\/02\/Biblioteca-foto.jpg\" alt=\"\" width=\"859\" height=\"445\" srcset=\"https:\/\/agora.xtec.cat\/zer-pedrera\/wp-content\/uploads\/usu1473\/2021\/02\/Biblioteca-foto.jpg 859w, https:\/\/agora.xtec.cat\/zer-pedrera\/wp-content\/uploads\/usu1473\/2021\/02\/Biblioteca-foto-300x155.jpg 300w, https:\/\/agora.xtec.cat\/zer-pedrera\/wp-content\/uploads\/usu1473\/2021\/02\/Biblioteca-foto-768x398.jpg 768w\" sizes=\"auto, (max-width: 859px) 100vw, 859px\" \/><\/p>\n","protected":false},"excerpt":{"rendered":"<p>Benvolgudes fam\u00edlies,<br \/>\ntenim el goig de comunicar-vos un seguit de novetats que contribuiran a millorar la nostra biblioteca escolar. la &#8220;BIBLIORUERA&#8221;!<br \/>\nLA PROPERA SETMANA S&#8217;INICIA EL PR\u00c9STEC DE LLIBRES DEL RECENT REVISAT, EXPURGAT, RENOVAT I CATALOGAT FONS BIBLIOGR\u00c0FIC DE L&#8217;ESCOLA ABAT RUERA!<br \/>\nEls nens i nenes de l&#8217;escola&hellip;  <a href=\"https:\/\/agora.xtec.cat\/zer-pedrera\/general\/novetats-biblioruera\/\" title=\"Read Novetats BIBLIORUERA!\">Llegeix m\u00e9s\u00bb<\/a><\/p>\n","protected":false},"author":1,"featured_media":3767,"comment_status":"open","ping_status":"closed","sticky":false,"template":"","format":"standard","meta":{"_bbp_topic_count":0,"_bbp_reply_count":0,"_bbp_total_topic_count":0,"_bbp_total_reply_count":0,"_bbp_voice_count":0,"_bbp_anonymous_reply_count":0,"_bbp_topic_count_hidden":0,"_bbp_reply_count_hidden":0,"_bbp_forum_subforum_count":0,"footnotes":""},"categories":[113,110,1,29,89],"tags":[],"class_list":["post-3766","post","type-post","status-publish","format-standard","has-post-thumbnail","hentry","category-e-infantil","category-escola-abat-ruera","category-general","category-portada","category-primaria"],"post_mailing_queue_ids":[],"_links":{"self":[{"href":"https:\/\/agora.xtec.cat\/zer-pedrera\/wp-json\/wp\/v2\/posts\/3766","targetHints":{"allow":["GET"]}}],"collection":[{"href":"https:\/\/agora.xtec.cat\/zer-pedrera\/wp-json\/wp\/v2\/posts"}],"about":[{"href":"https:\/\/agora.xtec.cat\/zer-pedrera\/wp-json\/wp\/v2\/types\/post"}],"author":[{"embeddable":true,"href":"https:\/\/agora.xtec.cat\/zer-pedrera\/wp-json\/wp\/v2\/users\/1"}],"replies":[{"embeddable":true,"href":"https:\/\/agora.xtec.cat\/zer-pedrera\/wp-json\/wp\/v2\/comments?post=3766"}],"version-history":[{"count":1,"href":"https:\/\/agora.xtec.cat\/zer-pedrera\/wp-json\/wp\/v2\/posts\/3766\/revisions"}],"predecessor-version":[{"id":3768,"href":"https:\/\/agora.xtec.cat\/zer-pedrera\/wp-json\/wp\/v2\/posts\/3766\/revisions\/3768"}],"wp:featuredmedia":[{"embeddable":true,"href":"https:\/\/agora.xtec.cat\/zer-pedrera\/wp-json\/wp\/v2\/media\/3767"}],"wp:attachment":[{"href":"https:\/\/agora.xtec.cat\/zer-pedrera\/wp-json\/wp\/v2\/media?parent=3766"}],"wp:term":[{"taxonomy":"category","embeddable":true,"href":"https:\/\/agora.xtec.cat\/zer-pedrera\/wp-json\/wp\/v2\/categories?post=3766"},{"taxonomy":"post_tag","embeddable":true,"href":"https:\/\/agora.xtec.cat\/zer-pedrera\/wp-json\/wp\/v2\/tags?post=3766"}],"curies":[{"name":"wp","href":"https:\/\/api.w.org\/{rel}","templated":true}]}}