{"id":3714,"date":"2021-02-26T15:45:24","date_gmt":"2021-02-26T14:45:24","guid":{"rendered":"http:\/\/agora.xtec.cat\/zer-pedrera\/?p=3714"},"modified":"2021-02-26T15:45:24","modified_gmt":"2021-02-26T14:45:24","slug":"lalumna-de-6e-utilitza-el-bloc-com-a-eina-daprenentatge-i-difusio","status":"publish","type":"post","link":"https:\/\/agora.xtec.cat\/zer-pedrera\/general\/lalumna-de-6e-utilitza-el-bloc-com-a-eina-daprenentatge-i-difusio\/","title":{"rendered":"L&#8217;alumna de 6\u00e8 utilitza el bloc com a eina d&#8217;aprenentatge i difusi\u00f3"},"content":{"rendered":"<p>Des de l&#8217;escola hem d&#8217;afavorir que l&#8217;alumnat esdevingui competent en tots els camps que formen part del curr\u00edculum. Creiem que l&#8217;alumnat de 6\u00e8 ha de con\u00e8ixer com funciona un bloc, ha de saber crear un missatge amb el llenguatge adequat i, si s&#8217;escau, acompanyar-lo dels fitxers multim\u00e8dia pertinents. Per\u00f2 sobretot, ha de percebre la gran responsabilitat que suposa el fet de fer extensiu un missatge en un mitj\u00e0 institucional com \u00e9s el bloc del centre i, per tant, s&#8217;ha de fer des del m\u00e9s estricte rigor ling\u00fc\u00edstic i objectivitat respecte al contingut.<\/p>\n<p>Aprofitant que en una activitat de Llengua Catalana es feia refer\u00e8ncia expl\u00edcita a la utilitzaci\u00f3 del bloc per part de l&#8217;alumnat, la nostra alumna de 6\u00e8 ha fet la seva primera publicaci\u00f3:<\/p>\n<p><strong><em>LA LLUM<\/em><\/strong><\/p>\n<p><em><strong>PER QU\u00c8 ELS \u00c9SSERS VIUS NECESSITEM LA LLUM?<\/strong> \u00a0 \u00a0 \u00a0 \u00a0 \u00a0 \u00a0 \u00a0 \u00a0 \u00a0<\/em><\/p>\n<p><em>El sol es fonamental per a la vida al nostre planeta, ja que, sense la seva escalfor, els humans no viur\u00edem.<\/em><\/p>\n<p><em><strong>LA IMPORT\u00c0NCIA DEL SOL PER ALS ANIMALS<\/strong> \u00a0 \u00a0 \u00a0 \u00a0 \u00a0 \u00a0 \u00a0 \u00a0 \u00a0 \u00a0 \u00a0 \u00a0 \u00a0 \u00a0 \u00a0 \u00a0 \u00a0 <\/em><\/p>\n<p><em>Tant els animals com els humans necessitem la llum per poder sobreviure. La llum solar influeix als animals perqu\u00e8 puguin obtenir nutrients, vitamines i l&#8217;escalfor necess\u00e0ria.<\/em><\/p>\n<p><em><strong>LA IMPORT\u00c0NCIA DEL SOL PER A LES PLANTES \u00a0<\/strong> \u00a0 \u00a0 \u00a0 \u00a0 \u00a0 \u00a0 \u00a0 \u00a0 \u00a0 \u00a0 \u00a0 \u00a0 \u00a0 <\/em><\/p>\n<p><em>El sol \u00e9s molt important per a les plantes, ja que permet fer la fotos\u00edntesis. La llum \u00e9s fonamental per al seu creixement i les seves funcions vitals.<\/em><\/p>\n<p><img loading=\"lazy\" decoding=\"async\" class=\"aligncenter size-full wp-image-3764\" src=\"https:\/\/agora.xtec.cat\/zer-pedrera\/wp-content\/uploads\/usu1473\/2021\/02\/WhatsApp-Image-2021-02-26-at-15.28.07.jpeg\" alt=\"\" width=\"202\" height=\"448\" srcset=\"https:\/\/agora.xtec.cat\/zer-pedrera\/wp-content\/uploads\/usu1473\/2021\/02\/WhatsApp-Image-2021-02-26-at-15.28.07.jpeg 202w, https:\/\/agora.xtec.cat\/zer-pedrera\/wp-content\/uploads\/usu1473\/2021\/02\/WhatsApp-Image-2021-02-26-at-15.28.07-135x300.jpeg 135w\" sizes=\"auto, (max-width: 202px) 100vw, 202px\" \/><\/p>\n<p>&nbsp;<\/p>\n","protected":false},"excerpt":{"rendered":"<p>Des de l&#8217;escola hem d&#8217;afavorir que l&#8217;alumnat esdevingui competent en tots els camps que formen part del curr\u00edculum. Creiem que l&#8217;alumnat de 6\u00e8 ha de con\u00e8ixer com funciona un bloc, ha de saber crear un missatge amb el llenguatge adequat i, si s&#8217;escau, acompanyar-lo dels&hellip;  <a href=\"https:\/\/agora.xtec.cat\/zer-pedrera\/general\/lalumna-de-6e-utilitza-el-bloc-com-a-eina-daprenentatge-i-difusio\/\" title=\"Read L&#8217;alumna de 6\u00e8 utilitza el bloc com a eina d&#8217;aprenentatge i difusi\u00f3\">Llegeix m\u00e9s\u00bb<\/a><\/p>\n","protected":false},"author":1,"featured_media":3764,"comment_status":"open","ping_status":"closed","sticky":false,"template":"","format":"standard","meta":{"_bbp_topic_count":0,"_bbp_reply_count":0,"_bbp_total_topic_count":0,"_bbp_total_reply_count":0,"_bbp_voice_count":0,"_bbp_anonymous_reply_count":0,"_bbp_topic_count_hidden":0,"_bbp_reply_count_hidden":0,"_bbp_forum_subforum_count":0,"footnotes":""},"categories":[125,110,1,29,89],"tags":[],"class_list":["post-3714","post","type-post","status-publish","format-standard","has-post-thumbnail","hentry","category-catala","category-escola-abat-ruera","category-general","category-portada","category-primaria"],"post_mailing_queue_ids":[],"_links":{"self":[{"href":"https:\/\/agora.xtec.cat\/zer-pedrera\/wp-json\/wp\/v2\/posts\/3714","targetHints":{"allow":["GET"]}}],"collection":[{"href":"https:\/\/agora.xtec.cat\/zer-pedrera\/wp-json\/wp\/v2\/posts"}],"about":[{"href":"https:\/\/agora.xtec.cat\/zer-pedrera\/wp-json\/wp\/v2\/types\/post"}],"author":[{"embeddable":true,"href":"https:\/\/agora.xtec.cat\/zer-pedrera\/wp-json\/wp\/v2\/users\/1"}],"replies":[{"embeddable":true,"href":"https:\/\/agora.xtec.cat\/zer-pedrera\/wp-json\/wp\/v2\/comments?post=3714"}],"version-history":[{"count":2,"href":"https:\/\/agora.xtec.cat\/zer-pedrera\/wp-json\/wp\/v2\/posts\/3714\/revisions"}],"predecessor-version":[{"id":3765,"href":"https:\/\/agora.xtec.cat\/zer-pedrera\/wp-json\/wp\/v2\/posts\/3714\/revisions\/3765"}],"wp:featuredmedia":[{"embeddable":true,"href":"https:\/\/agora.xtec.cat\/zer-pedrera\/wp-json\/wp\/v2\/media\/3764"}],"wp:attachment":[{"href":"https:\/\/agora.xtec.cat\/zer-pedrera\/wp-json\/wp\/v2\/media?parent=3714"}],"wp:term":[{"taxonomy":"category","embeddable":true,"href":"https:\/\/agora.xtec.cat\/zer-pedrera\/wp-json\/wp\/v2\/categories?post=3714"},{"taxonomy":"post_tag","embeddable":true,"href":"https:\/\/agora.xtec.cat\/zer-pedrera\/wp-json\/wp\/v2\/tags?post=3714"}],"curies":[{"name":"wp","href":"https:\/\/api.w.org\/{rel}","templated":true}]}}