{"id":3705,"date":"2021-02-22T09:08:54","date_gmt":"2021-02-22T08:08:54","guid":{"rendered":"http:\/\/agora.xtec.cat\/zer-pedrera\/?p=3705"},"modified":"2021-05-06T20:39:18","modified_gmt":"2021-05-06T18:39:18","slug":"preinscripcions-2021-2022","status":"publish","type":"post","link":"https:\/\/agora.xtec.cat\/zer-pedrera\/general\/preinscripcions-2021-2022\/","title":{"rendered":"PREINSCRIPCIONS 2021-2022"},"content":{"rendered":"<p>Els infants que s\u2019escolaritzen en un centre educatiu per primera vegada han de fer la preinscripci\u00f3.<\/p>\n<p>El termini per presentar les sol\u00b7licituds de preinscripci\u00f3 s\u2019inicia el dilluns <strong>15 de mar\u00e7 i finalitza\u00a0<\/strong>el dimecres<strong>\u00a024 de mar\u00e7<\/strong>.<\/p>\n<p>Si cliqueu a la imatge seg\u00fcent podeu consultar m\u00e9s informaci\u00f3 relativa a aquest proc\u00e9s.<\/p>\n<p><a href=\"https:\/\/preinscripcio.gencat.cat\/ca\/inici\/\" target=\"_blank\" rel=\"noopener noreferrer\"><img decoding=\"async\" class=\"aligncenter\" src=\"http:\/\/educacio.gencat.cat\/web\/.content\/home\/noticies\/novetats\/novetats2021\/imatges-noticies\/20210218-preparat-preinscripcio.jpg_1572399946.jpg\" alt=\"http:\/\/educacio.gencat.cat\/web\/.content\/home\/noticies\/novetats\/novetats2021\/imatges-noticies\/20210218-preparat-preinscripcio.jpg_1572399946.jpg\" \/><\/a><\/p>\n<div class=\"addtoany_share_save_container addtoany_content addtoany_content_bottom\">\n<div class=\"a2a_kit a2a_kit_size_32 addtoany_list\" data-a2a-url=\"https:\/\/agora.xtec.cat\/ceipelsitjar\/general\/preinscripcions-2021-2022\/\" data-a2a-title=\"PREINSCRIPCIONS 2021-2022\"><\/div>\n<\/div>\n","protected":false},"excerpt":{"rendered":"<p>Els infants que s\u2019escolaritzen en un centre educatiu per primera vegada han de fer la preinscripci\u00f3.<br \/>\nEl termini per presentar les sol\u00b7licituds de preinscripci\u00f3 s\u2019inicia el dilluns 15 de mar\u00e7 i finalitza\u00a0el dimecres\u00a024 de mar\u00e7.<br \/>\nSi cliqueu a la imatge seg\u00fcent podeu consultar m\u00e9s informaci\u00f3 relativa a&hellip;  <a href=\"https:\/\/agora.xtec.cat\/zer-pedrera\/general\/preinscripcions-2021-2022\/\" title=\"Read PREINSCRIPCIONS 2021-2022\">Llegeix m\u00e9s\u00bb<\/a><\/p>\n","protected":false},"author":1,"featured_media":3706,"comment_status":"open","ping_status":"closed","sticky":false,"template":"","format":"standard","meta":{"_bbp_topic_count":0,"_bbp_reply_count":0,"_bbp_total_topic_count":0,"_bbp_total_reply_count":0,"_bbp_voice_count":0,"_bbp_anonymous_reply_count":0,"_bbp_topic_count_hidden":0,"_bbp_reply_count_hidden":0,"_bbp_forum_subforum_count":0,"footnotes":""},"categories":[110,111,1,29],"tags":[],"class_list":["post-3705","post","type-post","status-publish","format-standard","has-post-thumbnail","hentry","category-escola-abat-ruera","category-escola-porcel-de-cervera","category-general","category-portada"],"post_mailing_queue_ids":[],"_links":{"self":[{"href":"https:\/\/agora.xtec.cat\/zer-pedrera\/wp-json\/wp\/v2\/posts\/3705","targetHints":{"allow":["GET"]}}],"collection":[{"href":"https:\/\/agora.xtec.cat\/zer-pedrera\/wp-json\/wp\/v2\/posts"}],"about":[{"href":"https:\/\/agora.xtec.cat\/zer-pedrera\/wp-json\/wp\/v2\/types\/post"}],"author":[{"embeddable":true,"href":"https:\/\/agora.xtec.cat\/zer-pedrera\/wp-json\/wp\/v2\/users\/1"}],"replies":[{"embeddable":true,"href":"https:\/\/agora.xtec.cat\/zer-pedrera\/wp-json\/wp\/v2\/comments?post=3705"}],"version-history":[{"count":2,"href":"https:\/\/agora.xtec.cat\/zer-pedrera\/wp-json\/wp\/v2\/posts\/3705\/revisions"}],"predecessor-version":[{"id":3708,"href":"https:\/\/agora.xtec.cat\/zer-pedrera\/wp-json\/wp\/v2\/posts\/3705\/revisions\/3708"}],"wp:featuredmedia":[{"embeddable":true,"href":"https:\/\/agora.xtec.cat\/zer-pedrera\/wp-json\/wp\/v2\/media\/3706"}],"wp:attachment":[{"href":"https:\/\/agora.xtec.cat\/zer-pedrera\/wp-json\/wp\/v2\/media?parent=3705"}],"wp:term":[{"taxonomy":"category","embeddable":true,"href":"https:\/\/agora.xtec.cat\/zer-pedrera\/wp-json\/wp\/v2\/categories?post=3705"},{"taxonomy":"post_tag","embeddable":true,"href":"https:\/\/agora.xtec.cat\/zer-pedrera\/wp-json\/wp\/v2\/tags?post=3705"}],"curies":[{"name":"wp","href":"https:\/\/api.w.org\/{rel}","templated":true}]}}