{"id":3684,"date":"2021-02-19T18:53:18","date_gmt":"2021-02-19T17:53:18","guid":{"rendered":"http:\/\/agora.xtec.cat\/zer-pedrera\/?p=3684"},"modified":"2021-02-19T18:54:28","modified_gmt":"2021-02-19T17:54:28","slug":"els-enigmes-de-la-biblioteca-a-lescola-porcel-de-cervera","status":"publish","type":"post","link":"https:\/\/agora.xtec.cat\/zer-pedrera\/portada\/els-enigmes-de-la-biblioteca-a-lescola-porcel-de-cervera\/","title":{"rendered":"Els enigmes de la Biblioteca a l&#8217;escola Porcel de Cervera"},"content":{"rendered":"<p>Des de comen\u00e7ament de curs, a l&#8217;hora de biblioteca, presentem als alumnes l&#8217;enigma de la setmana.<\/p>\n<p>\u00c9s una activitat que els agrada molt.<\/p>\n<p>Fa unes setmanes que no la f\u00e8iem perqu\u00e8 ens dedic\u00e0vem a escriure contes.<\/p>\n<p>Com ja sabeu, ens hem presentat al Premi Pilar\u00edn Bay\u00e9s i ara estem acabant els contes del Premi Literari de Les Garrigues.<\/p>\n<p>A veure si l&#8217;endevineu l&#8217;enigma que hem fet avui!<\/p>\n<p><a href=\"https:\/\/photos.app.goo.gl\/ZxBzWkB2UJPpyHpMA\">Mireu<\/a> que concentrats estaven!<\/p>\n<p>&nbsp;<\/p>\n","protected":false},"excerpt":{"rendered":"<p>Des de comen\u00e7ament de curs, a l&#8217;hora de biblioteca, presentem als alumnes l&#8217;enigma de la setmana.<br \/>\n\u00c9s una activitat que els agrada molt.<br \/>\nFa unes setmanes que no la f\u00e8iem perqu\u00e8 ens dedic\u00e0vem a escriure contes.<br \/>\nCom ja sabeu, ens hem presentat al Premi Pilar\u00edn Bay\u00e9s i ara&hellip;  <a href=\"https:\/\/agora.xtec.cat\/zer-pedrera\/portada\/els-enigmes-de-la-biblioteca-a-lescola-porcel-de-cervera\/\" title=\"Read Els enigmes de la Biblioteca a l&#8217;escola Porcel de Cervera\">Llegeix m\u00e9s\u00bb<\/a><\/p>\n","protected":false},"author":1,"featured_media":3688,"comment_status":"open","ping_status":"closed","sticky":false,"template":"","format":"standard","meta":{"_bbp_topic_count":0,"_bbp_reply_count":0,"_bbp_total_topic_count":0,"_bbp_total_reply_count":0,"_bbp_voice_count":0,"_bbp_anonymous_reply_count":0,"_bbp_topic_count_hidden":0,"_bbp_reply_count_hidden":0,"_bbp_forum_subforum_count":0,"footnotes":""},"categories":[125,111,29,89],"tags":[],"class_list":["post-3684","post","type-post","status-publish","format-standard","has-post-thumbnail","hentry","category-catala","category-escola-porcel-de-cervera","category-portada","category-primaria"],"post_mailing_queue_ids":[],"_links":{"self":[{"href":"https:\/\/agora.xtec.cat\/zer-pedrera\/wp-json\/wp\/v2\/posts\/3684","targetHints":{"allow":["GET"]}}],"collection":[{"href":"https:\/\/agora.xtec.cat\/zer-pedrera\/wp-json\/wp\/v2\/posts"}],"about":[{"href":"https:\/\/agora.xtec.cat\/zer-pedrera\/wp-json\/wp\/v2\/types\/post"}],"author":[{"embeddable":true,"href":"https:\/\/agora.xtec.cat\/zer-pedrera\/wp-json\/wp\/v2\/users\/1"}],"replies":[{"embeddable":true,"href":"https:\/\/agora.xtec.cat\/zer-pedrera\/wp-json\/wp\/v2\/comments?post=3684"}],"version-history":[{"count":2,"href":"https:\/\/agora.xtec.cat\/zer-pedrera\/wp-json\/wp\/v2\/posts\/3684\/revisions"}],"predecessor-version":[{"id":3690,"href":"https:\/\/agora.xtec.cat\/zer-pedrera\/wp-json\/wp\/v2\/posts\/3684\/revisions\/3690"}],"wp:featuredmedia":[{"embeddable":true,"href":"https:\/\/agora.xtec.cat\/zer-pedrera\/wp-json\/wp\/v2\/media\/3688"}],"wp:attachment":[{"href":"https:\/\/agora.xtec.cat\/zer-pedrera\/wp-json\/wp\/v2\/media?parent=3684"}],"wp:term":[{"taxonomy":"category","embeddable":true,"href":"https:\/\/agora.xtec.cat\/zer-pedrera\/wp-json\/wp\/v2\/categories?post=3684"},{"taxonomy":"post_tag","embeddable":true,"href":"https:\/\/agora.xtec.cat\/zer-pedrera\/wp-json\/wp\/v2\/tags?post=3684"}],"curies":[{"name":"wp","href":"https:\/\/api.w.org\/{rel}","templated":true}]}}