{"id":3676,"date":"2021-02-18T12:51:45","date_gmt":"2021-02-18T11:51:45","guid":{"rendered":"http:\/\/agora.xtec.cat\/zer-pedrera\/?p=3676"},"modified":"2021-02-18T12:51:45","modified_gmt":"2021-02-18T11:51:45","slug":"a-lescola-abat-ruera-no-more-matildas","status":"publish","type":"post","link":"https:\/\/agora.xtec.cat\/zer-pedrera\/general\/a-lescola-abat-ruera-no-more-matildas\/","title":{"rendered":"A l&#8217;escola Abat Ruera, NO MORE MATILDAS!"},"content":{"rendered":"<p>El passat dijous 11 de febrer vam commemorar el <strong>Dia Internacional de la dona i la nena en la ci\u00e8ncia<\/strong>.<\/p>\n<p>Els alumnes d&#8217;Educaci\u00f3 Prim\u00e0ria de l&#8217;escola Abat Ruera vam fer un treball de recerca sobre dones que han tingut un paper rellevant en la hist\u00f2ria de la ci\u00e8ncia per\u00f2 que pel fet de ser dones, no se&#8217;ls ha reconegut el seu protagonisme o fins i tot, s&#8217;ha atribu\u00eft injustament als homes.<\/p>\n<p>Per aix\u00f2, a l&#8217;escola Abat Ruera diem: NO MORE MATILDAS!!!<\/p>\n<p><strong>Si voleu veure les imatges de l&#8217;exposici\u00f3 oral que van fer els\/les alumnes i del mural, CLIQUEU SOBRE LA IMATGE:<\/strong><\/p>\n<p><a href=\"https:\/\/photos.app.goo.gl\/2NiXx5sC817udPkaA\" target=\"_blank\" rel=\"noopener noreferrer\"><img loading=\"lazy\" decoding=\"async\" class=\"aligncenter size-full wp-image-3677\" src=\"https:\/\/agora.xtec.cat\/zer-pedrera\/wp-content\/uploads\/usu1473\/2021\/02\/KBABLZKCFJGKDIIHYB26DKRRJ4.png\" alt=\"\" width=\"800\" height=\"450\" srcset=\"https:\/\/agora.xtec.cat\/zer-pedrera\/wp-content\/uploads\/usu1473\/2021\/02\/KBABLZKCFJGKDIIHYB26DKRRJ4.png 800w, https:\/\/agora.xtec.cat\/zer-pedrera\/wp-content\/uploads\/usu1473\/2021\/02\/KBABLZKCFJGKDIIHYB26DKRRJ4-300x169.png 300w, https:\/\/agora.xtec.cat\/zer-pedrera\/wp-content\/uploads\/usu1473\/2021\/02\/KBABLZKCFJGKDIIHYB26DKRRJ4-768x432.png 768w\" sizes=\"auto, (max-width: 800px) 100vw, 800px\" \/><\/a><\/p>\n<p>Per si voleu saber m\u00e9s coses sobre la campanya NO MORE MATILDAS:<\/p>\n<p><iframe loading=\"lazy\" title=\"NO MORE MATILDAS\" width=\"500\" height=\"281\" src=\"https:\/\/www.youtube.com\/embed\/Fx0ztzf-2V0?feature=oembed\" frameborder=\"0\" allow=\"accelerometer; autoplay; clipboard-write; encrypted-media; gyroscope; picture-in-picture; web-share\" referrerpolicy=\"strict-origin-when-cross-origin\" allowfullscreen><\/iframe><\/p>\n","protected":false},"excerpt":{"rendered":"<p>El passat dijous 11 de febrer vam commemorar el Dia Internacional de la dona i la nena en la ci\u00e8ncia.<br \/>\nEls alumnes d&#8217;Educaci\u00f3 Prim\u00e0ria de l&#8217;escola Abat Ruera vam fer un treball de recerca sobre dones que han tingut un paper rellevant en la hist\u00f2ria de&hellip;  <a href=\"https:\/\/agora.xtec.cat\/zer-pedrera\/general\/a-lescola-abat-ruera-no-more-matildas\/\" title=\"Read A l&#8217;escola Abat Ruera, NO MORE MATILDAS!\">Llegeix m\u00e9s\u00bb<\/a><\/p>\n","protected":false},"author":1,"featured_media":3678,"comment_status":"open","ping_status":"closed","sticky":false,"template":"","format":"standard","meta":{"_bbp_topic_count":0,"_bbp_reply_count":0,"_bbp_total_topic_count":0,"_bbp_total_reply_count":0,"_bbp_voice_count":0,"_bbp_anonymous_reply_count":0,"_bbp_topic_count_hidden":0,"_bbp_reply_count_hidden":0,"_bbp_forum_subforum_count":0,"footnotes":""},"categories":[110,1,29,89,122],"tags":[],"class_list":["post-3676","post","type-post","status-publish","format-standard","has-post-thumbnail","hentry","category-escola-abat-ruera","category-general","category-portada","category-primaria","category-valors"],"post_mailing_queue_ids":[],"_links":{"self":[{"href":"https:\/\/agora.xtec.cat\/zer-pedrera\/wp-json\/wp\/v2\/posts\/3676","targetHints":{"allow":["GET"]}}],"collection":[{"href":"https:\/\/agora.xtec.cat\/zer-pedrera\/wp-json\/wp\/v2\/posts"}],"about":[{"href":"https:\/\/agora.xtec.cat\/zer-pedrera\/wp-json\/wp\/v2\/types\/post"}],"author":[{"embeddable":true,"href":"https:\/\/agora.xtec.cat\/zer-pedrera\/wp-json\/wp\/v2\/users\/1"}],"replies":[{"embeddable":true,"href":"https:\/\/agora.xtec.cat\/zer-pedrera\/wp-json\/wp\/v2\/comments?post=3676"}],"version-history":[{"count":1,"href":"https:\/\/agora.xtec.cat\/zer-pedrera\/wp-json\/wp\/v2\/posts\/3676\/revisions"}],"predecessor-version":[{"id":3679,"href":"https:\/\/agora.xtec.cat\/zer-pedrera\/wp-json\/wp\/v2\/posts\/3676\/revisions\/3679"}],"wp:featuredmedia":[{"embeddable":true,"href":"https:\/\/agora.xtec.cat\/zer-pedrera\/wp-json\/wp\/v2\/media\/3678"}],"wp:attachment":[{"href":"https:\/\/agora.xtec.cat\/zer-pedrera\/wp-json\/wp\/v2\/media?parent=3676"}],"wp:term":[{"taxonomy":"category","embeddable":true,"href":"https:\/\/agora.xtec.cat\/zer-pedrera\/wp-json\/wp\/v2\/categories?post=3676"},{"taxonomy":"post_tag","embeddable":true,"href":"https:\/\/agora.xtec.cat\/zer-pedrera\/wp-json\/wp\/v2\/tags?post=3676"}],"curies":[{"name":"wp","href":"https:\/\/api.w.org\/{rel}","templated":true}]}}