{"id":3670,"date":"2021-02-17T13:39:06","date_gmt":"2021-02-17T12:39:06","guid":{"rendered":"http:\/\/agora.xtec.cat\/zer-pedrera\/?p=3670"},"modified":"2021-02-17T13:39:06","modified_gmt":"2021-02-17T12:39:06","slug":"fem-mescles-escola-porcel-de-cervera","status":"publish","type":"post","link":"https:\/\/agora.xtec.cat\/zer-pedrera\/general\/fem-mescles-escola-porcel-de-cervera\/","title":{"rendered":"Fem Mescles! Escola Porcel de Cervera"},"content":{"rendered":"<p>Els alumnes de CM i CS dins de l&#8217;\u00e0rea de coneixement del medi estem treballant el projecte &#8220;Mat\u00e8ria i energia&#8221;.<\/p>\n<p>Durant una sessi\u00f3 ens hem dedicat a fer mescles amb diferents components i hem comprovat quins s\u00f3n solubles en l&#8217;aigua i quins no. Per tal de fer la classificaci\u00f3 de mescles homog\u00e8nies i mescles heterog\u00e8nies.<\/p>\n<p>Podeu veure algunes fotos clicant damunt de la fotografia.<\/p>\n<p><a href=\"https:\/\/photos.app.goo.gl\/hiitRwRyznUXNeGQ6\"><img loading=\"lazy\" decoding=\"async\" class=\"aligncenter\" src=\"https:\/\/agora.xtec.cat\/zer-pedrera\/wp-content\/uploads\/usu1473\/2021\/02\/Water_and_oil.jpg\" width=\"366\" height=\"488\" \/><\/a><\/p>\n","protected":false},"excerpt":{"rendered":"<p>Els alumnes de CM i CS dins de l&#8217;\u00e0rea de coneixement del medi estem treballant el projecte &#8220;Mat\u00e8ria i energia&#8221;.<br \/>\nDurant una sessi\u00f3 ens hem dedicat a fer mescles amb diferents components i hem comprovat quins s\u00f3n solubles en l&#8217;aigua i quins no. Per tal de&hellip;  <a href=\"https:\/\/agora.xtec.cat\/zer-pedrera\/general\/fem-mescles-escola-porcel-de-cervera\/\" title=\"Read Fem Mescles! Escola Porcel de Cervera\">Llegeix m\u00e9s\u00bb<\/a><\/p>\n","protected":false},"author":1,"featured_media":3671,"comment_status":"open","ping_status":"closed","sticky":false,"template":"","format":"standard","meta":{"_bbp_topic_count":0,"_bbp_reply_count":0,"_bbp_total_topic_count":0,"_bbp_total_reply_count":0,"_bbp_voice_count":0,"_bbp_anonymous_reply_count":0,"_bbp_topic_count_hidden":0,"_bbp_reply_count_hidden":0,"_bbp_forum_subforum_count":0,"footnotes":""},"categories":[111,1,29,89],"tags":[],"class_list":["post-3670","post","type-post","status-publish","format-standard","has-post-thumbnail","hentry","category-escola-porcel-de-cervera","category-general","category-portada","category-primaria"],"post_mailing_queue_ids":[],"_links":{"self":[{"href":"https:\/\/agora.xtec.cat\/zer-pedrera\/wp-json\/wp\/v2\/posts\/3670","targetHints":{"allow":["GET"]}}],"collection":[{"href":"https:\/\/agora.xtec.cat\/zer-pedrera\/wp-json\/wp\/v2\/posts"}],"about":[{"href":"https:\/\/agora.xtec.cat\/zer-pedrera\/wp-json\/wp\/v2\/types\/post"}],"author":[{"embeddable":true,"href":"https:\/\/agora.xtec.cat\/zer-pedrera\/wp-json\/wp\/v2\/users\/1"}],"replies":[{"embeddable":true,"href":"https:\/\/agora.xtec.cat\/zer-pedrera\/wp-json\/wp\/v2\/comments?post=3670"}],"version-history":[{"count":1,"href":"https:\/\/agora.xtec.cat\/zer-pedrera\/wp-json\/wp\/v2\/posts\/3670\/revisions"}],"predecessor-version":[{"id":3672,"href":"https:\/\/agora.xtec.cat\/zer-pedrera\/wp-json\/wp\/v2\/posts\/3670\/revisions\/3672"}],"wp:featuredmedia":[{"embeddable":true,"href":"https:\/\/agora.xtec.cat\/zer-pedrera\/wp-json\/wp\/v2\/media\/3671"}],"wp:attachment":[{"href":"https:\/\/agora.xtec.cat\/zer-pedrera\/wp-json\/wp\/v2\/media?parent=3670"}],"wp:term":[{"taxonomy":"category","embeddable":true,"href":"https:\/\/agora.xtec.cat\/zer-pedrera\/wp-json\/wp\/v2\/categories?post=3670"},{"taxonomy":"post_tag","embeddable":true,"href":"https:\/\/agora.xtec.cat\/zer-pedrera\/wp-json\/wp\/v2\/tags?post=3670"}],"curies":[{"name":"wp","href":"https:\/\/api.w.org\/{rel}","templated":true}]}}