{"id":3646,"date":"2021-02-14T02:57:26","date_gmt":"2021-02-14T01:57:26","guid":{"rendered":"http:\/\/agora.xtec.cat\/zer-pedrera\/?p=3646"},"modified":"2021-02-14T03:01:27","modified_gmt":"2021-02-14T02:01:27","slug":"telenoticias","status":"publish","type":"post","link":"https:\/\/agora.xtec.cat\/zer-pedrera\/portada\/telenoticias\/","title":{"rendered":"Telenot\u00edcies des de L&#8217;Espluga Calba"},"content":{"rendered":"<p>A la sisena hora de castell\u00e0 els alumnes fan un recull de not\u00edcies del seu poble.<\/p>\n<p>De vegades expliquen an\u00e8cdotes que han escoltat dels seus pares.<\/p>\n<p>Si cliqueu a la icona\u00a0 de la TV podreu veure el telenot\u00edcies <a href=\"https:\/\/youtu.be\/Ix5InphgrY4\">\ud83d\udcfa<\/a><\/p>\n<p><img loading=\"lazy\" decoding=\"async\" class=\"\" src=\"https:\/\/agora.xtec.cat\/zer-pedrera\/wp-content\/uploads\/usu1473\/2021\/02\/telenoticias-car%C3%A1tula.jpg\" width=\"231\" height=\"231\" \/><\/p>\n","protected":false},"excerpt":{"rendered":"<p>A la sisena hora de castell\u00e0 els alumnes fan un recull de not\u00edcies del seu poble.<br \/>\nDe vegades expliquen an\u00e8cdotes que han escoltat dels seus pares.<br \/>\nSi cliqueu a la icona\u00a0 de la TV podreu veure el telenot\u00edcies <a href=\"https:\/\/youtu.be\/Ix5InphgrY4\">\ud83d\udcfa<\/a><\/p>\n","protected":false},"author":1,"featured_media":3647,"comment_status":"open","ping_status":"closed","sticky":false,"template":"","format":"standard","meta":{"_bbp_topic_count":0,"_bbp_reply_count":0,"_bbp_total_topic_count":0,"_bbp_total_reply_count":0,"_bbp_voice_count":0,"_bbp_anonymous_reply_count":0,"_bbp_topic_count_hidden":0,"_bbp_reply_count_hidden":0,"_bbp_forum_subforum_count":0,"footnotes":""},"categories":[124,111,29,89],"tags":[],"class_list":["post-3646","post","type-post","status-publish","format-standard","has-post-thumbnail","hentry","category-castella","category-escola-porcel-de-cervera","category-portada","category-primaria"],"post_mailing_queue_ids":[],"_links":{"self":[{"href":"https:\/\/agora.xtec.cat\/zer-pedrera\/wp-json\/wp\/v2\/posts\/3646","targetHints":{"allow":["GET"]}}],"collection":[{"href":"https:\/\/agora.xtec.cat\/zer-pedrera\/wp-json\/wp\/v2\/posts"}],"about":[{"href":"https:\/\/agora.xtec.cat\/zer-pedrera\/wp-json\/wp\/v2\/types\/post"}],"author":[{"embeddable":true,"href":"https:\/\/agora.xtec.cat\/zer-pedrera\/wp-json\/wp\/v2\/users\/1"}],"replies":[{"embeddable":true,"href":"https:\/\/agora.xtec.cat\/zer-pedrera\/wp-json\/wp\/v2\/comments?post=3646"}],"version-history":[{"count":3,"href":"https:\/\/agora.xtec.cat\/zer-pedrera\/wp-json\/wp\/v2\/posts\/3646\/revisions"}],"predecessor-version":[{"id":3651,"href":"https:\/\/agora.xtec.cat\/zer-pedrera\/wp-json\/wp\/v2\/posts\/3646\/revisions\/3651"}],"wp:featuredmedia":[{"embeddable":true,"href":"https:\/\/agora.xtec.cat\/zer-pedrera\/wp-json\/wp\/v2\/media\/3647"}],"wp:attachment":[{"href":"https:\/\/agora.xtec.cat\/zer-pedrera\/wp-json\/wp\/v2\/media?parent=3646"}],"wp:term":[{"taxonomy":"category","embeddable":true,"href":"https:\/\/agora.xtec.cat\/zer-pedrera\/wp-json\/wp\/v2\/categories?post=3646"},{"taxonomy":"post_tag","embeddable":true,"href":"https:\/\/agora.xtec.cat\/zer-pedrera\/wp-json\/wp\/v2\/tags?post=3646"}],"curies":[{"name":"wp","href":"https:\/\/api.w.org\/{rel}","templated":true}]}}