{"id":3593,"date":"2021-02-08T14:58:58","date_gmt":"2021-02-08T13:58:58","guid":{"rendered":"http:\/\/agora.xtec.cat\/zer-pedrera\/?p=3593"},"modified":"2021-02-08T14:58:58","modified_gmt":"2021-02-08T13:58:58","slug":"premi-pilarin-bayes-espluga","status":"publish","type":"post","link":"https:\/\/agora.xtec.cat\/zer-pedrera\/portada\/premi-pilarin-bayes-espluga\/","title":{"rendered":"Premi Pilar\u00edn Bay\u00e9s-Espluga"},"content":{"rendered":"<p>Els alumnes de cicle mitj\u00e0 i superior de l&#8217;escola hem participat, per primera vegada, en aquest premi que consisteix en escriure un conte. La tem\u00e0tica proposada per aquest curs 2020-21 \u00e9s <strong>el Confinament. <\/strong>Els i les alumnes han explicat hist\u00f2ries viscudes o inventades.<\/p>\n","protected":false},"excerpt":{"rendered":"<p>Els alumnes de cicle mitj\u00e0 i superior de l&#8217;escola hem participat, per primera vegada, en aquest premi que consisteix en escriure un conte. La tem\u00e0tica proposada per aquest curs 2020-21 \u00e9s el Confinament. Els i les alumnes han explicat hist\u00f2ries viscudes o inventades.<\/p>\n","protected":false},"author":1,"featured_media":3594,"comment_status":"open","ping_status":"closed","sticky":false,"template":"","format":"standard","meta":{"_bbp_topic_count":0,"_bbp_reply_count":0,"_bbp_total_topic_count":0,"_bbp_total_reply_count":0,"_bbp_voice_count":0,"_bbp_anonymous_reply_count":0,"_bbp_topic_count_hidden":0,"_bbp_reply_count_hidden":0,"_bbp_forum_subforum_count":0,"footnotes":""},"categories":[125,111,29,89],"tags":[],"class_list":["post-3593","post","type-post","status-publish","format-standard","has-post-thumbnail","hentry","category-catala","category-escola-porcel-de-cervera","category-portada","category-primaria"],"post_mailing_queue_ids":[],"_links":{"self":[{"href":"https:\/\/agora.xtec.cat\/zer-pedrera\/wp-json\/wp\/v2\/posts\/3593","targetHints":{"allow":["GET"]}}],"collection":[{"href":"https:\/\/agora.xtec.cat\/zer-pedrera\/wp-json\/wp\/v2\/posts"}],"about":[{"href":"https:\/\/agora.xtec.cat\/zer-pedrera\/wp-json\/wp\/v2\/types\/post"}],"author":[{"embeddable":true,"href":"https:\/\/agora.xtec.cat\/zer-pedrera\/wp-json\/wp\/v2\/users\/1"}],"replies":[{"embeddable":true,"href":"https:\/\/agora.xtec.cat\/zer-pedrera\/wp-json\/wp\/v2\/comments?post=3593"}],"version-history":[{"count":1,"href":"https:\/\/agora.xtec.cat\/zer-pedrera\/wp-json\/wp\/v2\/posts\/3593\/revisions"}],"predecessor-version":[{"id":3595,"href":"https:\/\/agora.xtec.cat\/zer-pedrera\/wp-json\/wp\/v2\/posts\/3593\/revisions\/3595"}],"wp:featuredmedia":[{"embeddable":true,"href":"https:\/\/agora.xtec.cat\/zer-pedrera\/wp-json\/wp\/v2\/media\/3594"}],"wp:attachment":[{"href":"https:\/\/agora.xtec.cat\/zer-pedrera\/wp-json\/wp\/v2\/media?parent=3593"}],"wp:term":[{"taxonomy":"category","embeddable":true,"href":"https:\/\/agora.xtec.cat\/zer-pedrera\/wp-json\/wp\/v2\/categories?post=3593"},{"taxonomy":"post_tag","embeddable":true,"href":"https:\/\/agora.xtec.cat\/zer-pedrera\/wp-json\/wp\/v2\/tags?post=3593"}],"curies":[{"name":"wp","href":"https:\/\/api.w.org\/{rel}","templated":true}]}}