{"id":3576,"date":"2021-02-05T12:30:49","date_gmt":"2021-02-05T11:30:49","guid":{"rendered":"http:\/\/agora.xtec.cat\/zer-pedrera\/?p=3576"},"modified":"2021-02-05T12:30:49","modified_gmt":"2021-02-05T11:30:49","slug":"carnestoltes-2021-escola-porcel-de-cervera-de-lespluga-calba","status":"publish","type":"post","link":"https:\/\/agora.xtec.cat\/zer-pedrera\/general\/carnestoltes-2021-escola-porcel-de-cervera-de-lespluga-calba\/","title":{"rendered":"CARNESTOLTES  2021. Escola PORCEL DE  CERVERA  de L\u2019ESPLUGA CALBA"},"content":{"rendered":"<p style=\"text-align: center;\">Hola nens i nenes, professors i professores, monitors i monitores i a totes les persones\u00a0 que a l\u2019escola aneu a treballar !!<\/p>\n<p style=\"text-align: center;\">S\u00f3c el Carnestoltes, \u00a0el rei dels poca-soltes,<\/p>\n<p style=\"text-align: center;\">I mano que el febrer sigui el m\u00e9s juganer.<\/p>\n<p style=\"text-align: center;\">Disposo que aquesta setmana les meves ordres heu d\u2019acomplir<\/p>\n<p style=\"text-align: center;\">I a l\u2019escola aix\u00ed haureu de venir:<\/p>\n<p style=\"text-align: center;\"><strong>EL DIMARTS, 9 DE FEBRER <\/strong><\/p>\n<p style=\"text-align: center;\">LA CARA ET GUARNIR\u00c0S AMB UNES ULLERES, UN ANTIF\u00c0S O LA MASCARETA PINTADA PORTAR\u00c0S.<\/p>\n<p style=\"text-align: center;\"><strong>EL DIMECRES, 10 DE FEBRER <\/strong><\/p>\n<p style=\"text-align: center;\">UN OBJECTE \u00a0AL CAP ET POSAR\u00c0S, UN BARRET, UNA DIADEMA O PERRUCA QUE CONFECCIONAR\u00c0S.<\/p>\n<p style=\"text-align: center;\"><strong>EL DIJOUS, 11 DE FEBRER<\/strong><\/p>\n<p style=\"text-align: center;\">UN COMPLEMENT AL COS O A LA M\u00c0 ET POSAR\u00c0S I LA DISFRESSA COMPLETAR\u00c0S.<\/p>\n<p style=\"text-align: center;\">RECORDA QUE SI LA DISFRESSA VOLS ACABAR, DIJOUS TOT HO HAUR\u00c0S DE PORTAR. <em>.<\/em><\/p>\n<p style=\"text-align: center;\"><strong>EL DIVENDRES 12 DE FEBRER<\/strong><\/p>\n<p style=\"text-align: center;\">NO S\u00c9 QUE FAR\u00c9, SI FUM SER\u00c9 O A L\u2019ESCOLA EM QUEDAR\u00c9.<\/p>\n<p style=\"text-align: center;\">DEPENDEN DE VOSALTRES COM ACABAR\u00c9<\/p>\n<p>&nbsp;<\/p>\n<p><img loading=\"lazy\" decoding=\"async\" class=\"aligncenter\" src=\"https:\/\/agora.xtec.cat\/zer-pedrera\/wp-content\/uploads\/usu1473\/2021\/02\/carnestoltes.jpg\" width=\"209\" height=\"284\" \/><\/p>\n","protected":false},"excerpt":{"rendered":"<p>Hola nens i nenes, professors i professores, monitors i monitores i a totes les persones\u00a0 que a l\u2019escola aneu a treballar !!<br \/>\nS\u00f3c el Carnestoltes, \u00a0el rei dels poca-soltes,<br \/>\nI mano que el febrer sigui el m\u00e9s juganer.<br \/>\nDisposo que aquesta setmana les meves ordres heu d\u2019acomplir<br \/>\nI a&hellip;  <a href=\"https:\/\/agora.xtec.cat\/zer-pedrera\/general\/carnestoltes-2021-escola-porcel-de-cervera-de-lespluga-calba\/\" title=\"Read CARNESTOLTES  2021. Escola PORCEL DE  CERVERA  de L\u2019ESPLUGA CALBA\">Llegeix m\u00e9s\u00bb<\/a><\/p>\n","protected":false},"author":1,"featured_media":3577,"comment_status":"open","ping_status":"closed","sticky":false,"template":"","format":"standard","meta":{"_bbp_topic_count":0,"_bbp_reply_count":0,"_bbp_total_topic_count":0,"_bbp_total_reply_count":0,"_bbp_voice_count":0,"_bbp_anonymous_reply_count":0,"_bbp_topic_count_hidden":0,"_bbp_reply_count_hidden":0,"_bbp_forum_subforum_count":0,"footnotes":""},"categories":[111,1,29],"tags":[],"class_list":["post-3576","post","type-post","status-publish","format-standard","has-post-thumbnail","hentry","category-escola-porcel-de-cervera","category-general","category-portada"],"post_mailing_queue_ids":[],"_links":{"self":[{"href":"https:\/\/agora.xtec.cat\/zer-pedrera\/wp-json\/wp\/v2\/posts\/3576","targetHints":{"allow":["GET"]}}],"collection":[{"href":"https:\/\/agora.xtec.cat\/zer-pedrera\/wp-json\/wp\/v2\/posts"}],"about":[{"href":"https:\/\/agora.xtec.cat\/zer-pedrera\/wp-json\/wp\/v2\/types\/post"}],"author":[{"embeddable":true,"href":"https:\/\/agora.xtec.cat\/zer-pedrera\/wp-json\/wp\/v2\/users\/1"}],"replies":[{"embeddable":true,"href":"https:\/\/agora.xtec.cat\/zer-pedrera\/wp-json\/wp\/v2\/comments?post=3576"}],"version-history":[{"count":1,"href":"https:\/\/agora.xtec.cat\/zer-pedrera\/wp-json\/wp\/v2\/posts\/3576\/revisions"}],"predecessor-version":[{"id":3578,"href":"https:\/\/agora.xtec.cat\/zer-pedrera\/wp-json\/wp\/v2\/posts\/3576\/revisions\/3578"}],"wp:featuredmedia":[{"embeddable":true,"href":"https:\/\/agora.xtec.cat\/zer-pedrera\/wp-json\/wp\/v2\/media\/3577"}],"wp:attachment":[{"href":"https:\/\/agora.xtec.cat\/zer-pedrera\/wp-json\/wp\/v2\/media?parent=3576"}],"wp:term":[{"taxonomy":"category","embeddable":true,"href":"https:\/\/agora.xtec.cat\/zer-pedrera\/wp-json\/wp\/v2\/categories?post=3576"},{"taxonomy":"post_tag","embeddable":true,"href":"https:\/\/agora.xtec.cat\/zer-pedrera\/wp-json\/wp\/v2\/tags?post=3576"}],"curies":[{"name":"wp","href":"https:\/\/api.w.org\/{rel}","templated":true}]}}