{"id":3560,"date":"2021-02-03T20:31:13","date_gmt":"2021-02-03T19:31:13","guid":{"rendered":"http:\/\/agora.xtec.cat\/zer-pedrera\/?p=3560"},"modified":"2021-02-03T20:31:13","modified_gmt":"2021-02-03T19:31:13","slug":"educacio-en-valors-a-lescola-porcel-de-cervera","status":"publish","type":"post","link":"https:\/\/agora.xtec.cat\/zer-pedrera\/portada\/educacio-en-valors-a-lescola-porcel-de-cervera\/","title":{"rendered":"Educaci\u00f3 en Valors a l&#8217;escola Porcel de Cervera"},"content":{"rendered":"<p>En l \u00e0mbit d&#8217;educaci\u00f3 en valors on hi ha l&#8217;\u00e0rea de religi\u00f3 i la de valors, hem treballat conjuntament una activitat anomenada &#8220;la xarxa de les paraules positives&#8221;. Hem comen\u00e7at el trimestre a tope amb la\u00a0 potenciaci\u00f3 de\u00a0 l&#8217;autoestima. <a href=\"https:\/\/photos.app.goo.gl\/JS86m98RkeWDkdqa9\">Aqu\u00ed teniu unes imatges<\/a><\/p>\n","protected":false},"excerpt":{"rendered":"<p>En l \u00e0mbit d&#8217;educaci\u00f3 en valors on hi ha l&#8217;\u00e0rea de religi\u00f3 i la de valors, hem treballat conjuntament una activitat anomenada &#8220;la xarxa de les paraules positives&#8221;. Hem comen\u00e7at el trimestre a tope amb la\u00a0 potenciaci\u00f3 de\u00a0 l&#8217;autoestima. <a href=\"https:\/\/photos.app.goo.gl\/JS86m98RkeWDkdqa9\">Aqu\u00ed teniu unes imatges<\/a><\/p>\n","protected":false},"author":1,"featured_media":3562,"comment_status":"open","ping_status":"closed","sticky":false,"template":"","format":"standard","meta":{"_bbp_topic_count":0,"_bbp_reply_count":0,"_bbp_total_topic_count":0,"_bbp_total_reply_count":0,"_bbp_voice_count":0,"_bbp_anonymous_reply_count":0,"_bbp_topic_count_hidden":0,"_bbp_reply_count_hidden":0,"_bbp_forum_subforum_count":0,"footnotes":""},"categories":[111,29,89,121,122],"tags":[],"class_list":["post-3560","post","type-post","status-publish","format-standard","has-post-thumbnail","hentry","category-escola-porcel-de-cervera","category-portada","category-primaria","category-religio","category-valors"],"post_mailing_queue_ids":[],"_links":{"self":[{"href":"https:\/\/agora.xtec.cat\/zer-pedrera\/wp-json\/wp\/v2\/posts\/3560","targetHints":{"allow":["GET"]}}],"collection":[{"href":"https:\/\/agora.xtec.cat\/zer-pedrera\/wp-json\/wp\/v2\/posts"}],"about":[{"href":"https:\/\/agora.xtec.cat\/zer-pedrera\/wp-json\/wp\/v2\/types\/post"}],"author":[{"embeddable":true,"href":"https:\/\/agora.xtec.cat\/zer-pedrera\/wp-json\/wp\/v2\/users\/1"}],"replies":[{"embeddable":true,"href":"https:\/\/agora.xtec.cat\/zer-pedrera\/wp-json\/wp\/v2\/comments?post=3560"}],"version-history":[{"count":1,"href":"https:\/\/agora.xtec.cat\/zer-pedrera\/wp-json\/wp\/v2\/posts\/3560\/revisions"}],"predecessor-version":[{"id":3561,"href":"https:\/\/agora.xtec.cat\/zer-pedrera\/wp-json\/wp\/v2\/posts\/3560\/revisions\/3561"}],"wp:featuredmedia":[{"embeddable":true,"href":"https:\/\/agora.xtec.cat\/zer-pedrera\/wp-json\/wp\/v2\/media\/3562"}],"wp:attachment":[{"href":"https:\/\/agora.xtec.cat\/zer-pedrera\/wp-json\/wp\/v2\/media?parent=3560"}],"wp:term":[{"taxonomy":"category","embeddable":true,"href":"https:\/\/agora.xtec.cat\/zer-pedrera\/wp-json\/wp\/v2\/categories?post=3560"},{"taxonomy":"post_tag","embeddable":true,"href":"https:\/\/agora.xtec.cat\/zer-pedrera\/wp-json\/wp\/v2\/tags?post=3560"}],"curies":[{"name":"wp","href":"https:\/\/api.w.org\/{rel}","templated":true}]}}