{"id":3553,"date":"2021-02-03T09:41:45","date_gmt":"2021-02-03T08:41:45","guid":{"rendered":"http:\/\/agora.xtec.cat\/zer-pedrera\/?p=3553"},"modified":"2021-02-03T09:41:45","modified_gmt":"2021-02-03T08:41:45","slug":"projecte-sobre-medi-ambient-a-la-classe-de-ci-i-ei-de-lescola-porcel-de-cervera","status":"publish","type":"post","link":"https:\/\/agora.xtec.cat\/zer-pedrera\/general\/projecte-sobre-medi-ambient-a-la-classe-de-ci-i-ei-de-lescola-porcel-de-cervera\/","title":{"rendered":"Projecte sobre medi ambient a la classe de CI i EI de l&#8217;escola Porcel de Cervera"},"content":{"rendered":"<p>Aquestes darreres setmanes hem iniciat un nou projecte relacionat amb el medi ambient anomenat, Salvem la Terra.<\/p>\n<p>A partir d&#8217;una imatge d&#8217;una terra trista i bruta, vam iniciar una conversa sobre la necessitat de cuidar el nostre planeta.<\/p>\n<p>El divendres, despr\u00e9s d&#8217;explicar el conte &#8220;El capit\u00e0 Superverd&#8221; vaig demanar la col\u00b7laboraci\u00f3 de les fam\u00edlies per a qu\u00e8, durant el cap de setmana, guardessin tot tipus de material de reciclar i que els nens i nenes el portessin dilluns a l&#8217;escola.<\/p>\n<p>Un cop el vam tenir a l&#8217;escola, vam parlar del s\u00edmbol de reciclatge i dels diferents contenidors que hi ha. Cada nen va anar classificant all\u00f2 que havia portat de casa en els diferents contenidors, i un cop fet, vam sortir a llen\u00e7ar-ho als contenidors de davant de l&#8217;escola.<\/p>\n<p>Aquesta setmana continuarem treballant la primera de les 4 &#8220;R&#8221;, la del <strong>R<\/strong>eciclatge, i poc a poc anirem treballant les tres restants. Ja us ho anirem explicant.<\/p>\n<p>Ah!!!! Nosaltres som ajudants del capit\u00e0 Superverd; us animeu a ser-ho vosaltres, tamb\u00e9?<\/p>\n<p><img loading=\"lazy\" decoding=\"async\" class=\"aligncenter wp-image-3555\" src=\"https:\/\/agora.xtec.cat\/zer-pedrera\/wp-content\/uploads\/usu1473\/2021\/02\/3740.jpg\" alt=\"\" width=\"342\" height=\"330\" srcset=\"https:\/\/agora.xtec.cat\/zer-pedrera\/wp-content\/uploads\/usu1473\/2021\/02\/3740.jpg 394w, https:\/\/agora.xtec.cat\/zer-pedrera\/wp-content\/uploads\/usu1473\/2021\/02\/3740-300x289.jpg 300w\" sizes=\"auto, (max-width: 342px) 100vw, 342px\" \/><\/p>\n<p>Per veure les fotos cliqueu <a href=\"https:\/\/photos.app.goo.gl\/4bNQf8uqirzsYFUM7\">AQU\u00cd<\/a>.<\/p>\n","protected":false},"excerpt":{"rendered":"<p>Aquestes darreres setmanes hem iniciat un nou projecte relacionat amb el medi ambient anomenat, Salvem la Terra.<br \/>\nA partir d&#8217;una imatge d&#8217;una terra trista i bruta, vam iniciar una conversa sobre la necessitat de cuidar el nostre planeta.<br \/>\nEl divendres, despr\u00e9s d&#8217;explicar el conte &#8220;El capit\u00e0 Superverd&#8221;&hellip;  <a href=\"https:\/\/agora.xtec.cat\/zer-pedrera\/general\/projecte-sobre-medi-ambient-a-la-classe-de-ci-i-ei-de-lescola-porcel-de-cervera\/\" title=\"Read Projecte sobre medi ambient a la classe de CI i EI de l&#8217;escola Porcel de Cervera\">Llegeix m\u00e9s\u00bb<\/a><\/p>\n","protected":false},"author":1,"featured_media":3556,"comment_status":"open","ping_status":"closed","sticky":false,"template":"","format":"standard","meta":{"_bbp_topic_count":0,"_bbp_reply_count":0,"_bbp_total_topic_count":0,"_bbp_total_reply_count":0,"_bbp_voice_count":0,"_bbp_anonymous_reply_count":0,"_bbp_topic_count_hidden":0,"_bbp_reply_count_hidden":0,"_bbp_forum_subforum_count":0,"footnotes":""},"categories":[113,111,1,116,29,89],"tags":[],"class_list":["post-3553","post","type-post","status-publish","format-standard","has-post-thumbnail","hentry","category-e-infantil","category-escola-porcel-de-cervera","category-general","category-medi","category-portada","category-primaria"],"post_mailing_queue_ids":[],"_links":{"self":[{"href":"https:\/\/agora.xtec.cat\/zer-pedrera\/wp-json\/wp\/v2\/posts\/3553","targetHints":{"allow":["GET"]}}],"collection":[{"href":"https:\/\/agora.xtec.cat\/zer-pedrera\/wp-json\/wp\/v2\/posts"}],"about":[{"href":"https:\/\/agora.xtec.cat\/zer-pedrera\/wp-json\/wp\/v2\/types\/post"}],"author":[{"embeddable":true,"href":"https:\/\/agora.xtec.cat\/zer-pedrera\/wp-json\/wp\/v2\/users\/1"}],"replies":[{"embeddable":true,"href":"https:\/\/agora.xtec.cat\/zer-pedrera\/wp-json\/wp\/v2\/comments?post=3553"}],"version-history":[{"count":3,"href":"https:\/\/agora.xtec.cat\/zer-pedrera\/wp-json\/wp\/v2\/posts\/3553\/revisions"}],"predecessor-version":[{"id":3559,"href":"https:\/\/agora.xtec.cat\/zer-pedrera\/wp-json\/wp\/v2\/posts\/3553\/revisions\/3559"}],"wp:featuredmedia":[{"embeddable":true,"href":"https:\/\/agora.xtec.cat\/zer-pedrera\/wp-json\/wp\/v2\/media\/3556"}],"wp:attachment":[{"href":"https:\/\/agora.xtec.cat\/zer-pedrera\/wp-json\/wp\/v2\/media?parent=3553"}],"wp:term":[{"taxonomy":"category","embeddable":true,"href":"https:\/\/agora.xtec.cat\/zer-pedrera\/wp-json\/wp\/v2\/categories?post=3553"},{"taxonomy":"post_tag","embeddable":true,"href":"https:\/\/agora.xtec.cat\/zer-pedrera\/wp-json\/wp\/v2\/tags?post=3553"}],"curies":[{"name":"wp","href":"https:\/\/api.w.org\/{rel}","templated":true}]}}