{"id":3547,"date":"2021-02-01T20:33:51","date_gmt":"2021-02-01T19:33:51","guid":{"rendered":"http:\/\/agora.xtec.cat\/zer-pedrera\/?p=3547"},"modified":"2021-12-16T19:34:57","modified_gmt":"2021-12-16T18:34:57","slug":"ci-a-lescola-abat-ruera-reciclatge-al-poble","status":"publish","type":"post","link":"https:\/\/agora.xtec.cat\/zer-pedrera\/general\/ci-a-lescola-abat-ruera-reciclatge-al-poble\/","title":{"rendered":"CI a l&#8217;escola Abat Ruera. Reciclatge al poble"},"content":{"rendered":"<p>Hem comen\u00e7at el projecte del reciclatge ( Coneixement del Medi ). Abans de tot hem volgut saber quins contenidors hi ha a Puiggr\u00f2s i on estan ubicats. Aquesta informaci\u00f3 ens servir\u00e0 de punt de partida pel nostre projecte.<\/p>\n<p><img loading=\"lazy\" decoding=\"async\" class=\"aligncenter size-full wp-image-3548\" src=\"https:\/\/agora.xtec.cat\/zer-pedrera\/wp-content\/uploads\/usu1473\/2021\/02\/mini.jpeg\" alt=\"\" width=\"666\" height=\"375\" srcset=\"https:\/\/agora.xtec.cat\/zer-pedrera\/wp-content\/uploads\/usu1473\/2021\/02\/mini.jpeg 666w, https:\/\/agora.xtec.cat\/zer-pedrera\/wp-content\/uploads\/usu1473\/2021\/02\/mini-300x169.jpeg 300w\" sizes=\"auto, (max-width: 666px) 100vw, 666px\" \/><\/p>\n<p>Per veure m\u00e9s fotografies clicar <a href=\"https:\/\/photos.app.goo.gl\/DjuDEABRcDmWvERq9\" target=\"_blank\" rel=\"noopener\">AQU\u00cd\u00a0<\/a><\/p>\n","protected":false},"excerpt":{"rendered":"<p>Hem comen\u00e7at el projecte del reciclatge ( Coneixement del Medi ). Abans de tot hem volgut saber quins contenidors hi ha a Puiggr\u00f2s i on estan ubicats. Aquesta informaci\u00f3 ens servir\u00e0 de punt de partida pel nostre projecte.<\/p>\n<p>Per veure m\u00e9s fotografies clicar <a href=\"https:\/\/photos.app.goo.gl\/DjuDEABRcDmWvERq9\" target=\"_blank\"&hellip;  <a href=\"https:\/\/agora.xtec.cat\/zer-pedrera\/general\/ci-a-lescola-abat-ruera-reciclatge-al-poble\/\" title=\"Read CI a l&#8217;escola Abat Ruera. Reciclatge al poble\">Llegeix m\u00e9s\u00bb<\/a><\/p>\n","protected":false},"author":1,"featured_media":3548,"comment_status":"open","ping_status":"closed","sticky":false,"template":"","format":"standard","meta":{"_bbp_topic_count":0,"_bbp_reply_count":0,"_bbp_total_topic_count":0,"_bbp_total_reply_count":0,"_bbp_voice_count":0,"_bbp_anonymous_reply_count":0,"_bbp_topic_count_hidden":0,"_bbp_reply_count_hidden":0,"_bbp_forum_subforum_count":0,"footnotes":""},"categories":[110,1,29,89],"tags":[],"class_list":["post-3547","post","type-post","status-publish","format-standard","has-post-thumbnail","hentry","category-escola-abat-ruera","category-general","category-portada","category-primaria"],"post_mailing_queue_ids":[],"_links":{"self":[{"href":"https:\/\/agora.xtec.cat\/zer-pedrera\/wp-json\/wp\/v2\/posts\/3547","targetHints":{"allow":["GET"]}}],"collection":[{"href":"https:\/\/agora.xtec.cat\/zer-pedrera\/wp-json\/wp\/v2\/posts"}],"about":[{"href":"https:\/\/agora.xtec.cat\/zer-pedrera\/wp-json\/wp\/v2\/types\/post"}],"author":[{"embeddable":true,"href":"https:\/\/agora.xtec.cat\/zer-pedrera\/wp-json\/wp\/v2\/users\/1"}],"replies":[{"embeddable":true,"href":"https:\/\/agora.xtec.cat\/zer-pedrera\/wp-json\/wp\/v2\/comments?post=3547"}],"version-history":[{"count":2,"href":"https:\/\/agora.xtec.cat\/zer-pedrera\/wp-json\/wp\/v2\/posts\/3547\/revisions"}],"predecessor-version":[{"id":5087,"href":"https:\/\/agora.xtec.cat\/zer-pedrera\/wp-json\/wp\/v2\/posts\/3547\/revisions\/5087"}],"wp:featuredmedia":[{"embeddable":true,"href":"https:\/\/agora.xtec.cat\/zer-pedrera\/wp-json\/wp\/v2\/media\/3548"}],"wp:attachment":[{"href":"https:\/\/agora.xtec.cat\/zer-pedrera\/wp-json\/wp\/v2\/media?parent=3547"}],"wp:term":[{"taxonomy":"category","embeddable":true,"href":"https:\/\/agora.xtec.cat\/zer-pedrera\/wp-json\/wp\/v2\/categories?post=3547"},{"taxonomy":"post_tag","embeddable":true,"href":"https:\/\/agora.xtec.cat\/zer-pedrera\/wp-json\/wp\/v2\/tags?post=3547"}],"curies":[{"name":"wp","href":"https:\/\/api.w.org\/{rel}","templated":true}]}}