{"id":3540,"date":"2021-02-01T13:34:31","date_gmt":"2021-02-01T12:34:31","guid":{"rendered":"http:\/\/agora.xtec.cat\/zer-pedrera\/?p=3540"},"modified":"2021-02-01T13:34:31","modified_gmt":"2021-02-01T12:34:31","slug":"lescola-porcel-de-cervera-al-concurs-de-la-once","status":"publish","type":"post","link":"https:\/\/agora.xtec.cat\/zer-pedrera\/general\/lescola-porcel-de-cervera-al-concurs-de-la-once\/","title":{"rendered":"L&#8217;escola Porcel de Cervera al concurs de la ONCE"},"content":{"rendered":"<p>Aquest curs l&#8217;ONCE ens ha proposat fer una falca de r\u00e0dio per conscienciar els alumnes en el bon \u00fas de la tecnologia i tamb\u00e9 dels perills d&#8217;un \u00fas irresponsable.<\/p>\n<p>A classe, els alumnes de cicle mitj\u00e0 i superior, hem parlat amb els alumnes i ells han opinat.<\/p>\n<p>Al final han triat la falca de r\u00e0dio que us adjuntem.<\/p>\n<!--[if lt IE 9]><script>document.createElement('audio');<\/script><![endif]-->\n<audio class=\"wp-audio-shortcode\" id=\"audio-3540-1\" preload=\"none\" style=\"width: 100%;\" controls=\"controls\"><source type=\"audio\/mpeg\" src=\"https:\/\/agora.xtec.cat\/zer-pedrera\/wp-content\/uploads\/usu1473\/2021\/02\/2021-once-online-audio-converter.com-1.mp3?_=1\" \/><a href=\"https:\/\/agora.xtec.cat\/zer-pedrera\/wp-content\/uploads\/usu1473\/2021\/02\/2021-once-online-audio-converter.com-1.mp3\">https:\/\/agora.xtec.cat\/zer-pedrera\/wp-content\/uploads\/usu1473\/2021\/02\/2021-once-online-audio-converter.com-1.mp3<\/a><\/audio>\n<p>&nbsp;<\/p>\n","protected":false},"excerpt":{"rendered":"<p>Aquest curs l&#8217;ONCE ens ha proposat fer una falca de r\u00e0dio per conscienciar els alumnes en el bon \u00fas de la tecnologia i tamb\u00e9 dels perills d&#8217;un \u00fas irresponsable.<br \/>\nA classe, els alumnes de cicle mitj\u00e0 i superior, hem parlat amb els alumnes i ells han&hellip;  <a href=\"https:\/\/agora.xtec.cat\/zer-pedrera\/general\/lescola-porcel-de-cervera-al-concurs-de-la-once\/\" title=\"Read L&#8217;escola Porcel de Cervera al concurs de la ONCE\">Llegeix m\u00e9s\u00bb<\/a><\/p>\n","protected":false},"author":1,"featured_media":3545,"comment_status":"open","ping_status":"closed","sticky":false,"template":"","format":"standard","meta":{"_bbp_topic_count":0,"_bbp_reply_count":0,"_bbp_total_topic_count":0,"_bbp_total_reply_count":0,"_bbp_voice_count":0,"_bbp_anonymous_reply_count":0,"_bbp_topic_count_hidden":0,"_bbp_reply_count_hidden":0,"_bbp_forum_subforum_count":0,"footnotes":""},"categories":[111,1,29,89],"tags":[],"class_list":["post-3540","post","type-post","status-publish","format-standard","has-post-thumbnail","hentry","category-escola-porcel-de-cervera","category-general","category-portada","category-primaria"],"post_mailing_queue_ids":[],"_links":{"self":[{"href":"https:\/\/agora.xtec.cat\/zer-pedrera\/wp-json\/wp\/v2\/posts\/3540","targetHints":{"allow":["GET"]}}],"collection":[{"href":"https:\/\/agora.xtec.cat\/zer-pedrera\/wp-json\/wp\/v2\/posts"}],"about":[{"href":"https:\/\/agora.xtec.cat\/zer-pedrera\/wp-json\/wp\/v2\/types\/post"}],"author":[{"embeddable":true,"href":"https:\/\/agora.xtec.cat\/zer-pedrera\/wp-json\/wp\/v2\/users\/1"}],"replies":[{"embeddable":true,"href":"https:\/\/agora.xtec.cat\/zer-pedrera\/wp-json\/wp\/v2\/comments?post=3540"}],"version-history":[{"count":2,"href":"https:\/\/agora.xtec.cat\/zer-pedrera\/wp-json\/wp\/v2\/posts\/3540\/revisions"}],"predecessor-version":[{"id":3546,"href":"https:\/\/agora.xtec.cat\/zer-pedrera\/wp-json\/wp\/v2\/posts\/3540\/revisions\/3546"}],"wp:featuredmedia":[{"embeddable":true,"href":"https:\/\/agora.xtec.cat\/zer-pedrera\/wp-json\/wp\/v2\/media\/3545"}],"wp:attachment":[{"href":"https:\/\/agora.xtec.cat\/zer-pedrera\/wp-json\/wp\/v2\/media?parent=3540"}],"wp:term":[{"taxonomy":"category","embeddable":true,"href":"https:\/\/agora.xtec.cat\/zer-pedrera\/wp-json\/wp\/v2\/categories?post=3540"},{"taxonomy":"post_tag","embeddable":true,"href":"https:\/\/agora.xtec.cat\/zer-pedrera\/wp-json\/wp\/v2\/tags?post=3540"}],"curies":[{"name":"wp","href":"https:\/\/api.w.org\/{rel}","templated":true}]}}