{"id":3524,"date":"2021-01-31T14:06:48","date_gmt":"2021-01-31T13:06:48","guid":{"rendered":"http:\/\/agora.xtec.cat\/zer-pedrera\/?p=3524"},"modified":"2021-01-31T14:06:48","modified_gmt":"2021-01-31T13:06:48","slug":"ei-a-educacio-infantil-hem-fet-un-colom-de-la-pau","status":"publish","type":"post","link":"https:\/\/agora.xtec.cat\/zer-pedrera\/general\/ei-a-educacio-infantil-hem-fet-un-colom-de-la-pau\/","title":{"rendered":"Ei! A Educaci\u00f3 Infantil hem fet un colom de la pau!"},"content":{"rendered":"<p>A Educaci\u00f3 Infantil sabem qu\u00e8 vol dir pau!<\/p>\n<p>Fins i tot sabem que hi ha un ocell que \u00e9s s\u00edmbol de pau, el colom,\u00a0 i l&#8217;hem volgut crear estampant les nostres mans ben plenes de pintura blanca! Aix\u00f2, juntament amb un pal de gelat, una bonica titella del colom de la PAU!<\/p>\n<p>Si voleu veure les fotos i el v\u00eddeo, cliqueu sobre la imatge!<\/p>\n<p><a href=\"https:\/\/photos.app.goo.gl\/CDm7x2XiJNsk4y4j8\" target=\"_blank\" rel=\"noopener noreferrer\"><img loading=\"lazy\" decoding=\"async\" class=\"aligncenter size-full wp-image-3525\" src=\"https:\/\/agora.xtec.cat\/zer-pedrera\/wp-content\/uploads\/usu1473\/2021\/01\/WhatsApp-Image-2021-01-29-at-23.14.02-1.jpeg\" alt=\"\" width=\"2048\" height=\"1152\" srcset=\"https:\/\/agora.xtec.cat\/zer-pedrera\/wp-content\/uploads\/usu1473\/2021\/01\/WhatsApp-Image-2021-01-29-at-23.14.02-1.jpeg 2048w, https:\/\/agora.xtec.cat\/zer-pedrera\/wp-content\/uploads\/usu1473\/2021\/01\/WhatsApp-Image-2021-01-29-at-23.14.02-1-300x169.jpeg 300w, https:\/\/agora.xtec.cat\/zer-pedrera\/wp-content\/uploads\/usu1473\/2021\/01\/WhatsApp-Image-2021-01-29-at-23.14.02-1-768x432.jpeg 768w, https:\/\/agora.xtec.cat\/zer-pedrera\/wp-content\/uploads\/usu1473\/2021\/01\/WhatsApp-Image-2021-01-29-at-23.14.02-1-1024x576.jpeg 1024w\" sizes=\"auto, (max-width: 2048px) 100vw, 2048px\" \/><\/a><\/p>\n<p>&nbsp;<\/p>\n","protected":false},"excerpt":{"rendered":"<p>A Educaci\u00f3 Infantil sabem qu\u00e8 vol dir pau!<br \/>\nFins i tot sabem que hi ha un ocell que \u00e9s s\u00edmbol de pau, el colom,\u00a0 i l&#8217;hem volgut crear estampant les nostres mans ben plenes de pintura blanca! Aix\u00f2, juntament amb un pal de gelat, una bonica&hellip;  <a href=\"https:\/\/agora.xtec.cat\/zer-pedrera\/general\/ei-a-educacio-infantil-hem-fet-un-colom-de-la-pau\/\" title=\"Read Ei! A Educaci\u00f3 Infantil hem fet un colom de la pau!\">Llegeix m\u00e9s\u00bb<\/a><\/p>\n","protected":false},"author":1,"featured_media":3525,"comment_status":"open","ping_status":"closed","sticky":false,"template":"","format":"standard","meta":{"_bbp_topic_count":0,"_bbp_reply_count":0,"_bbp_total_topic_count":0,"_bbp_total_reply_count":0,"_bbp_voice_count":0,"_bbp_anonymous_reply_count":0,"_bbp_topic_count_hidden":0,"_bbp_reply_count_hidden":0,"_bbp_forum_subforum_count":0,"footnotes":""},"categories":[113,110,1,29],"tags":[],"class_list":["post-3524","post","type-post","status-publish","format-standard","has-post-thumbnail","hentry","category-e-infantil","category-escola-abat-ruera","category-general","category-portada"],"post_mailing_queue_ids":[],"_links":{"self":[{"href":"https:\/\/agora.xtec.cat\/zer-pedrera\/wp-json\/wp\/v2\/posts\/3524","targetHints":{"allow":["GET"]}}],"collection":[{"href":"https:\/\/agora.xtec.cat\/zer-pedrera\/wp-json\/wp\/v2\/posts"}],"about":[{"href":"https:\/\/agora.xtec.cat\/zer-pedrera\/wp-json\/wp\/v2\/types\/post"}],"author":[{"embeddable":true,"href":"https:\/\/agora.xtec.cat\/zer-pedrera\/wp-json\/wp\/v2\/users\/1"}],"replies":[{"embeddable":true,"href":"https:\/\/agora.xtec.cat\/zer-pedrera\/wp-json\/wp\/v2\/comments?post=3524"}],"version-history":[{"count":1,"href":"https:\/\/agora.xtec.cat\/zer-pedrera\/wp-json\/wp\/v2\/posts\/3524\/revisions"}],"predecessor-version":[{"id":3526,"href":"https:\/\/agora.xtec.cat\/zer-pedrera\/wp-json\/wp\/v2\/posts\/3524\/revisions\/3526"}],"wp:featuredmedia":[{"embeddable":true,"href":"https:\/\/agora.xtec.cat\/zer-pedrera\/wp-json\/wp\/v2\/media\/3525"}],"wp:attachment":[{"href":"https:\/\/agora.xtec.cat\/zer-pedrera\/wp-json\/wp\/v2\/media?parent=3524"}],"wp:term":[{"taxonomy":"category","embeddable":true,"href":"https:\/\/agora.xtec.cat\/zer-pedrera\/wp-json\/wp\/v2\/categories?post=3524"},{"taxonomy":"post_tag","embeddable":true,"href":"https:\/\/agora.xtec.cat\/zer-pedrera\/wp-json\/wp\/v2\/tags?post=3524"}],"curies":[{"name":"wp","href":"https:\/\/api.w.org\/{rel}","templated":true}]}}