{"id":3518,"date":"2021-01-31T12:04:55","date_gmt":"2021-01-31T11:04:55","guid":{"rendered":"http:\/\/agora.xtec.cat\/zer-pedrera\/?p=3518"},"modified":"2021-01-31T12:05:11","modified_gmt":"2021-01-31T11:05:11","slug":"lescola-abat-ruera-al-concurs-escolar-de-lonce-conexion-adiccioff","status":"publish","type":"post","link":"https:\/\/agora.xtec.cat\/zer-pedrera\/general\/lescola-abat-ruera-al-concurs-escolar-de-lonce-conexion-adiccioff\/","title":{"rendered":"L&#8217;escola Abat Ruera al concurs escolar de l&#8217;ONCE &#8220;conexi\u00d3N\/adicciOFF&#8221;"},"content":{"rendered":"<p>Per segon any consecutiu, els i les alumnes de Cicle Mitj\u00e0 i cicle Superior de l&#8217;escola Abat Ruera participen al concurs que organitza l&#8217;Once, aquest any sota el t\u00edtol &#8220;conexi\u00d3N\/adicciOFF&#8221;.<\/p>\n<p>Els nens i nenes conceben el m\u00f3n digital, les noves tecnologies i internet com a eines valuos\u00edssimes i extraordin\u00e0ries. En aquesta edici\u00f3 del concurs, es vol\u00a0 transmetre, <strong>fent entre tots una campanya de publicitat<\/strong>, el missatge que\u00a0<strong>la tecnologia \u00e9s la nostra aliada sempre que en fem un \u00fas responsable i no un ab\u00fas que pot comportar riscos i conseq\u00fc\u00e8ncies no desitjades.<\/strong><\/p>\n<p>Per tant, els alumnes de Cicle Mitj\u00e0 i Cicle Superior hem ideat i creat unes falques de r\u00e0dio que mostren usos abusius o mals usos de les xarxes.<\/p>\n<p>Voleu escoltar-les?<\/p>\n<!--[if lt IE 9]><script>document.createElement('audio');<\/script><![endif]-->\n<audio class=\"wp-audio-shortcode\" id=\"audio-3518-1\" preload=\"none\" style=\"width: 100%;\" controls=\"controls\"><source type=\"audio\/mpeg\" src=\"https:\/\/agora.xtec.cat\/zer-pedrera\/wp-content\/uploads\/usu1473\/2021\/01\/Audio-CM1.mp3?_=1\" \/><a href=\"https:\/\/agora.xtec.cat\/zer-pedrera\/wp-content\/uploads\/usu1473\/2021\/01\/Audio-CM1.mp3\">https:\/\/agora.xtec.cat\/zer-pedrera\/wp-content\/uploads\/usu1473\/2021\/01\/Audio-CM1.mp3<\/a><\/audio>\n<audio class=\"wp-audio-shortcode\" id=\"audio-3518-2\" preload=\"none\" style=\"width: 100%;\" controls=\"controls\"><source type=\"audio\/mpeg\" src=\"https:\/\/agora.xtec.cat\/zer-pedrera\/wp-content\/uploads\/usu1473\/2021\/01\/Audio-CS.mp3?_=2\" \/><a href=\"https:\/\/agora.xtec.cat\/zer-pedrera\/wp-content\/uploads\/usu1473\/2021\/01\/Audio-CS.mp3\">https:\/\/agora.xtec.cat\/zer-pedrera\/wp-content\/uploads\/usu1473\/2021\/01\/Audio-CS.mp3<\/a><\/audio>\n<audio class=\"wp-audio-shortcode\" id=\"audio-3518-3\" preload=\"none\" style=\"width: 100%;\" controls=\"controls\"><source type=\"audio\/mpeg\" src=\"https:\/\/agora.xtec.cat\/zer-pedrera\/wp-content\/uploads\/usu1473\/2021\/01\/Audio-CM-2.mp3?_=3\" \/><a href=\"https:\/\/agora.xtec.cat\/zer-pedrera\/wp-content\/uploads\/usu1473\/2021\/01\/Audio-CM-2.mp3\">https:\/\/agora.xtec.cat\/zer-pedrera\/wp-content\/uploads\/usu1473\/2021\/01\/Audio-CM-2.mp3<\/a><\/audio>\n","protected":false},"excerpt":{"rendered":"<p>Per segon any consecutiu, els i les alumnes de Cicle Mitj\u00e0 i cicle Superior de l&#8217;escola Abat Ruera participen al concurs que organitza l&#8217;Once, aquest any sota el t\u00edtol &#8220;conexi\u00d3N\/adicciOFF&#8221;.<br \/>\nEls nens i nenes conceben el m\u00f3n digital, les noves tecnologies i internet com a eines&hellip;  <a href=\"https:\/\/agora.xtec.cat\/zer-pedrera\/general\/lescola-abat-ruera-al-concurs-escolar-de-lonce-conexion-adiccioff\/\" title=\"Read L&#8217;escola Abat Ruera al concurs escolar de l&#8217;ONCE &#8220;conexi\u00d3N\/adicciOFF&#8221;\">Llegeix m\u00e9s\u00bb<\/a><\/p>\n","protected":false},"author":1,"featured_media":3522,"comment_status":"open","ping_status":"closed","sticky":false,"template":"","format":"standard","meta":{"_bbp_topic_count":0,"_bbp_reply_count":0,"_bbp_total_topic_count":0,"_bbp_total_reply_count":0,"_bbp_voice_count":0,"_bbp_anonymous_reply_count":0,"_bbp_topic_count_hidden":0,"_bbp_reply_count_hidden":0,"_bbp_forum_subforum_count":0,"footnotes":""},"categories":[110,1,29,89],"tags":[],"class_list":["post-3518","post","type-post","status-publish","format-standard","has-post-thumbnail","hentry","category-escola-abat-ruera","category-general","category-portada","category-primaria"],"post_mailing_queue_ids":[],"_links":{"self":[{"href":"https:\/\/agora.xtec.cat\/zer-pedrera\/wp-json\/wp\/v2\/posts\/3518","targetHints":{"allow":["GET"]}}],"collection":[{"href":"https:\/\/agora.xtec.cat\/zer-pedrera\/wp-json\/wp\/v2\/posts"}],"about":[{"href":"https:\/\/agora.xtec.cat\/zer-pedrera\/wp-json\/wp\/v2\/types\/post"}],"author":[{"embeddable":true,"href":"https:\/\/agora.xtec.cat\/zer-pedrera\/wp-json\/wp\/v2\/users\/1"}],"replies":[{"embeddable":true,"href":"https:\/\/agora.xtec.cat\/zer-pedrera\/wp-json\/wp\/v2\/comments?post=3518"}],"version-history":[{"count":1,"href":"https:\/\/agora.xtec.cat\/zer-pedrera\/wp-json\/wp\/v2\/posts\/3518\/revisions"}],"predecessor-version":[{"id":3523,"href":"https:\/\/agora.xtec.cat\/zer-pedrera\/wp-json\/wp\/v2\/posts\/3518\/revisions\/3523"}],"wp:featuredmedia":[{"embeddable":true,"href":"https:\/\/agora.xtec.cat\/zer-pedrera\/wp-json\/wp\/v2\/media\/3522"}],"wp:attachment":[{"href":"https:\/\/agora.xtec.cat\/zer-pedrera\/wp-json\/wp\/v2\/media?parent=3518"}],"wp:term":[{"taxonomy":"category","embeddable":true,"href":"https:\/\/agora.xtec.cat\/zer-pedrera\/wp-json\/wp\/v2\/categories?post=3518"},{"taxonomy":"post_tag","embeddable":true,"href":"https:\/\/agora.xtec.cat\/zer-pedrera\/wp-json\/wp\/v2\/tags?post=3518"}],"curies":[{"name":"wp","href":"https:\/\/api.w.org\/{rel}","templated":true}]}}