{"id":3471,"date":"2021-01-28T18:17:45","date_gmt":"2021-01-28T17:17:45","guid":{"rendered":"http:\/\/agora.xtec.cat\/zer-pedrera\/?p=3471"},"modified":"2021-01-28T18:24:52","modified_gmt":"2021-01-28T17:24:52","slug":"som-amics-alumnes-ei-ci-espluga","status":"publish","type":"post","link":"https:\/\/agora.xtec.cat\/zer-pedrera\/portada\/som-amics-alumnes-ei-ci-espluga\/","title":{"rendered":"Som amics. Alumnes EI-CI-Espluga"},"content":{"rendered":"<p>Aquesta tarda hem cantat la can\u00e7\u00f3 <em>Som amics,<\/em> a la classe d&#8217;educaci\u00f3 infantil i cicle inicial, com una activitat per treballar la Pau.<\/p>\n<p><a href=\"https:\/\/youtu.be\/eJ4IB6ZEUa8\">https:\/\/youtu.be\/eJ4IB6ZEUa8<\/a><\/p>\n","protected":false},"excerpt":{"rendered":"<p>Aquesta tarda hem cantat la can\u00e7\u00f3 Som amics, a la classe d&#8217;educaci\u00f3 infantil i cicle inicial, com una activitat per treballar la Pau.<br \/>\n<a href=\"https:\/\/youtu.be\/eJ4IB6ZEUa8\">https:\/\/youtu.be\/eJ4IB6ZEUa8<\/a><\/p>\n","protected":false},"author":1,"featured_media":3473,"comment_status":"open","ping_status":"closed","sticky":false,"template":"","format":"standard","meta":{"_bbp_topic_count":0,"_bbp_reply_count":0,"_bbp_total_topic_count":0,"_bbp_total_reply_count":0,"_bbp_voice_count":0,"_bbp_anonymous_reply_count":0,"_bbp_topic_count_hidden":0,"_bbp_reply_count_hidden":0,"_bbp_forum_subforum_count":0,"footnotes":""},"categories":[111,29],"tags":[],"class_list":["post-3471","post","type-post","status-publish","format-standard","has-post-thumbnail","hentry","category-escola-porcel-de-cervera","category-portada"],"post_mailing_queue_ids":[],"_links":{"self":[{"href":"https:\/\/agora.xtec.cat\/zer-pedrera\/wp-json\/wp\/v2\/posts\/3471","targetHints":{"allow":["GET"]}}],"collection":[{"href":"https:\/\/agora.xtec.cat\/zer-pedrera\/wp-json\/wp\/v2\/posts"}],"about":[{"href":"https:\/\/agora.xtec.cat\/zer-pedrera\/wp-json\/wp\/v2\/types\/post"}],"author":[{"embeddable":true,"href":"https:\/\/agora.xtec.cat\/zer-pedrera\/wp-json\/wp\/v2\/users\/1"}],"replies":[{"embeddable":true,"href":"https:\/\/agora.xtec.cat\/zer-pedrera\/wp-json\/wp\/v2\/comments?post=3471"}],"version-history":[{"count":3,"href":"https:\/\/agora.xtec.cat\/zer-pedrera\/wp-json\/wp\/v2\/posts\/3471\/revisions"}],"predecessor-version":[{"id":3486,"href":"https:\/\/agora.xtec.cat\/zer-pedrera\/wp-json\/wp\/v2\/posts\/3471\/revisions\/3486"}],"wp:featuredmedia":[{"embeddable":true,"href":"https:\/\/agora.xtec.cat\/zer-pedrera\/wp-json\/wp\/v2\/media\/3473"}],"wp:attachment":[{"href":"https:\/\/agora.xtec.cat\/zer-pedrera\/wp-json\/wp\/v2\/media?parent=3471"}],"wp:term":[{"taxonomy":"category","embeddable":true,"href":"https:\/\/agora.xtec.cat\/zer-pedrera\/wp-json\/wp\/v2\/categories?post=3471"},{"taxonomy":"post_tag","embeddable":true,"href":"https:\/\/agora.xtec.cat\/zer-pedrera\/wp-json\/wp\/v2\/tags?post=3471"}],"curies":[{"name":"wp","href":"https:\/\/api.w.org\/{rel}","templated":true}]}}