{"id":3459,"date":"2021-01-26T19:24:15","date_gmt":"2021-01-26T18:24:15","guid":{"rendered":"http:\/\/agora.xtec.cat\/zer-pedrera\/?p=3459"},"modified":"2021-01-26T19:24:15","modified_gmt":"2021-01-26T18:24:15","slug":"percussio-corporal-a-cicle-mitja-i-superior-escola-abat-ruera","status":"publish","type":"post","link":"https:\/\/agora.xtec.cat\/zer-pedrera\/general\/percussio-corporal-a-cicle-mitja-i-superior-escola-abat-ruera\/","title":{"rendered":"Percussi\u00f3 corporal a Cicle Mitj\u00e0 i Superior. Escola Abat Ruera."},"content":{"rendered":"<p>Els grans de l&#8217;escola, a l&#8217;hora de m\u00fasica, ens hem introdu\u00eft al m\u00f3n de la percussi\u00f3 corporal amb una can\u00e7\u00f3 que tots coneixem de &#8220;El llibre de la selva&#8221;.<\/p>\n<div>Tots i totes els alumnes estan molt motivats i amb ganes d&#8217;aprendre&#8217;n m\u00e9s i m\u00e9s!!!<\/div>\n<div><\/div>\n<div><\/div>\n<div><iframe loading=\"lazy\" src=\"\/\/www.youtube.com\/embed\/FsMmIWNIuGM\" width=\"560\" height=\"314\"><\/iframe><\/div>\n","protected":false},"excerpt":{"rendered":"<p>Els grans de l&#8217;escola, a l&#8217;hora de m\u00fasica, ens hem introdu\u00eft al m\u00f3n de la percussi\u00f3 corporal amb una can\u00e7\u00f3 que tots coneixem de &#8220;El llibre de la selva&#8221;.<br \/>\nTots i totes els alumnes estan molt motivats i amb ganes d&#8217;aprendre&#8217;n m\u00e9s i m\u00e9s!!!<\/p>\n","protected":false},"author":1,"featured_media":3460,"comment_status":"open","ping_status":"closed","sticky":false,"template":"","format":"standard","meta":{"_bbp_topic_count":0,"_bbp_reply_count":0,"_bbp_total_topic_count":0,"_bbp_total_reply_count":0,"_bbp_voice_count":0,"_bbp_anonymous_reply_count":0,"_bbp_topic_count_hidden":0,"_bbp_reply_count_hidden":0,"_bbp_forum_subforum_count":0,"footnotes":""},"categories":[110,1,118,29,89],"tags":[],"class_list":["post-3459","post","type-post","status-publish","format-standard","has-post-thumbnail","hentry","category-escola-abat-ruera","category-general","category-musica-2","category-portada","category-primaria"],"post_mailing_queue_ids":[],"_links":{"self":[{"href":"https:\/\/agora.xtec.cat\/zer-pedrera\/wp-json\/wp\/v2\/posts\/3459","targetHints":{"allow":["GET"]}}],"collection":[{"href":"https:\/\/agora.xtec.cat\/zer-pedrera\/wp-json\/wp\/v2\/posts"}],"about":[{"href":"https:\/\/agora.xtec.cat\/zer-pedrera\/wp-json\/wp\/v2\/types\/post"}],"author":[{"embeddable":true,"href":"https:\/\/agora.xtec.cat\/zer-pedrera\/wp-json\/wp\/v2\/users\/1"}],"replies":[{"embeddable":true,"href":"https:\/\/agora.xtec.cat\/zer-pedrera\/wp-json\/wp\/v2\/comments?post=3459"}],"version-history":[{"count":1,"href":"https:\/\/agora.xtec.cat\/zer-pedrera\/wp-json\/wp\/v2\/posts\/3459\/revisions"}],"predecessor-version":[{"id":3461,"href":"https:\/\/agora.xtec.cat\/zer-pedrera\/wp-json\/wp\/v2\/posts\/3459\/revisions\/3461"}],"wp:featuredmedia":[{"embeddable":true,"href":"https:\/\/agora.xtec.cat\/zer-pedrera\/wp-json\/wp\/v2\/media\/3460"}],"wp:attachment":[{"href":"https:\/\/agora.xtec.cat\/zer-pedrera\/wp-json\/wp\/v2\/media?parent=3459"}],"wp:term":[{"taxonomy":"category","embeddable":true,"href":"https:\/\/agora.xtec.cat\/zer-pedrera\/wp-json\/wp\/v2\/categories?post=3459"},{"taxonomy":"post_tag","embeddable":true,"href":"https:\/\/agora.xtec.cat\/zer-pedrera\/wp-json\/wp\/v2\/tags?post=3459"}],"curies":[{"name":"wp","href":"https:\/\/api.w.org\/{rel}","templated":true}]}}