{"id":3452,"date":"2021-01-26T19:00:27","date_gmt":"2021-01-26T18:00:27","guid":{"rendered":"http:\/\/agora.xtec.cat\/zer-pedrera\/?p=3452"},"modified":"2021-01-29T12:56:50","modified_gmt":"2021-01-29T11:56:50","slug":"aniversari-de-la-isona-de-la-classe-de-ei-i-ci-de-lescola-porcel-de-cervera","status":"publish","type":"post","link":"https:\/\/agora.xtec.cat\/zer-pedrera\/general\/aniversari-de-la-isona-de-la-classe-de-ei-i-ci-de-lescola-porcel-de-cervera\/","title":{"rendered":"Aniversari de la Isona de la classe de EI i CI de l&#8217;escola Porcel de Cervera."},"content":{"rendered":"<p>La setmana passada la Isona de la classe dels petits va fer el seu aniversari, ara ja t\u00e9 quatre anys!!!! Moltes felicitats guap\u00edssima i moltes gr\u00e0cies per aquests contes tan bonics que ens has regalat!!!!<\/p>\n<p><img loading=\"lazy\" decoding=\"async\" class=\"aligncenter size-full wp-image-3454\" src=\"https:\/\/agora.xtec.cat\/zer-pedrera\/wp-content\/uploads\/usu1473\/2021\/01\/2-e1611683487783.jpg\" alt=\"\" width=\"433\" height=\"577\" srcset=\"https:\/\/agora.xtec.cat\/zer-pedrera\/wp-content\/uploads\/usu1473\/2021\/01\/2-e1611683487783.jpg 433w, https:\/\/agora.xtec.cat\/zer-pedrera\/wp-content\/uploads\/usu1473\/2021\/01\/2-e1611683487783-225x300.jpg 225w\" sizes=\"auto, (max-width: 433px) 100vw, 433px\" \/><\/p>\n","protected":false},"excerpt":{"rendered":"<p>La setmana passada la Isona de la classe dels petits va fer el seu aniversari, ara ja t\u00e9 quatre anys!!!! Moltes felicitats guap\u00edssima i moltes gr\u00e0cies per aquests contes tan bonics que ens has regalat!!!!<\/p>\n","protected":false},"author":1,"featured_media":3454,"comment_status":"open","ping_status":"closed","sticky":false,"template":"","format":"standard","meta":{"_bbp_topic_count":0,"_bbp_reply_count":0,"_bbp_total_topic_count":0,"_bbp_total_reply_count":0,"_bbp_voice_count":0,"_bbp_anonymous_reply_count":0,"_bbp_topic_count_hidden":0,"_bbp_reply_count_hidden":0,"_bbp_forum_subforum_count":0,"footnotes":""},"categories":[146,113,111,1],"tags":[],"class_list":["post-3452","post","type-post","status-publish","format-standard","has-post-thumbnail","hentry","category-aniversaris","category-e-infantil","category-escola-porcel-de-cervera","category-general"],"post_mailing_queue_ids":[],"_links":{"self":[{"href":"https:\/\/agora.xtec.cat\/zer-pedrera\/wp-json\/wp\/v2\/posts\/3452","targetHints":{"allow":["GET"]}}],"collection":[{"href":"https:\/\/agora.xtec.cat\/zer-pedrera\/wp-json\/wp\/v2\/posts"}],"about":[{"href":"https:\/\/agora.xtec.cat\/zer-pedrera\/wp-json\/wp\/v2\/types\/post"}],"author":[{"embeddable":true,"href":"https:\/\/agora.xtec.cat\/zer-pedrera\/wp-json\/wp\/v2\/users\/1"}],"replies":[{"embeddable":true,"href":"https:\/\/agora.xtec.cat\/zer-pedrera\/wp-json\/wp\/v2\/comments?post=3452"}],"version-history":[{"count":4,"href":"https:\/\/agora.xtec.cat\/zer-pedrera\/wp-json\/wp\/v2\/posts\/3452\/revisions"}],"predecessor-version":[{"id":3458,"href":"https:\/\/agora.xtec.cat\/zer-pedrera\/wp-json\/wp\/v2\/posts\/3452\/revisions\/3458"}],"wp:featuredmedia":[{"embeddable":true,"href":"https:\/\/agora.xtec.cat\/zer-pedrera\/wp-json\/wp\/v2\/media\/3454"}],"wp:attachment":[{"href":"https:\/\/agora.xtec.cat\/zer-pedrera\/wp-json\/wp\/v2\/media?parent=3452"}],"wp:term":[{"taxonomy":"category","embeddable":true,"href":"https:\/\/agora.xtec.cat\/zer-pedrera\/wp-json\/wp\/v2\/categories?post=3452"},{"taxonomy":"post_tag","embeddable":true,"href":"https:\/\/agora.xtec.cat\/zer-pedrera\/wp-json\/wp\/v2\/tags?post=3452"}],"curies":[{"name":"wp","href":"https:\/\/api.w.org\/{rel}","templated":true}]}}