{"id":3372,"date":"2021-01-18T08:13:50","date_gmt":"2021-01-18T07:13:50","guid":{"rendered":"http:\/\/agora.xtec.cat\/zer-pedrera\/?p=3372"},"modified":"2021-01-18T14:19:58","modified_gmt":"2021-01-18T13:19:58","slug":"experimentacio-amb-la-neu","status":"publish","type":"post","link":"https:\/\/agora.xtec.cat\/zer-pedrera\/general\/experimentacio-amb-la-neu\/","title":{"rendered":"Experimentaci\u00f3 amb la neu."},"content":{"rendered":"<p>La neu \u00e9s engrescadora i est\u00e0 plena de possibilitats, i \u00e9s per aix\u00f2 que l&#8217;hem aprofitat per treballar a l&#8217;aula. L&#8217;hem utilitzat per parlar de l&#8217;hivern, per jugar i per experimentar. A partir del joc lliure amb una safata plena de neu, cada nen ha anat descobrint el pas de l&#8217;aigua de s\u00f2lid a l\u00edquid, i han descobert que posant-la al radiador aquest pas s&#8217;accelerava. Tamb\u00e9, amb colorants alimentaris, hem descobert els colors\u00a0 secundaris a partir de barrejar els colors primaris i un cop els hem tingut, i amb una pipeta, els hem utilitzat per a tenyir la neu. Hem gaudit d&#8217;all\u00f2 m\u00e9s.<\/p>\n<p>Esperem que la neu ens torni a visitar, per\u00f2 que ho faci amb menys intensitat!!!!<\/p>\n<p><img loading=\"lazy\" decoding=\"async\" class=\"aligncenter size-full wp-image-3377\" src=\"https:\/\/agora.xtec.cat\/zer-pedrera\/wp-content\/uploads\/usu1473\/2021\/01\/20210115_122904.jpg\" alt=\"\" width=\"544\" height=\"326\" srcset=\"https:\/\/agora.xtec.cat\/zer-pedrera\/wp-content\/uploads\/usu1473\/2021\/01\/20210115_122904.jpg 544w, https:\/\/agora.xtec.cat\/zer-pedrera\/wp-content\/uploads\/usu1473\/2021\/01\/20210115_122904-300x180.jpg 300w\" sizes=\"auto, (max-width: 544px) 100vw, 544px\" \/><\/p>\n<p>&nbsp;<\/p>\n<p>&nbsp;<\/p>\n<p>Per veure m\u00e9s fotos cliqueu <a href=\"https:\/\/photos.app.goo.gl\/mKjkQDJGPD6Da4MDA\">AQU\u00cd.<\/a><\/p>\n<p>&nbsp;<\/p>\n","protected":false},"excerpt":{"rendered":"<p>La neu \u00e9s engrescadora i est\u00e0 plena de possibilitats, i \u00e9s per aix\u00f2 que l&#8217;hem aprofitat per treballar a l&#8217;aula. L&#8217;hem utilitzat per parlar de l&#8217;hivern, per jugar i per experimentar. A partir del joc lliure amb una safata plena de neu, cada nen ha&hellip;  <a href=\"https:\/\/agora.xtec.cat\/zer-pedrera\/general\/experimentacio-amb-la-neu\/\" title=\"Read Experimentaci\u00f3 amb la neu.\">Llegeix m\u00e9s\u00bb<\/a><\/p>\n","protected":false},"author":1,"featured_media":3377,"comment_status":"open","ping_status":"closed","sticky":false,"template":"","format":"standard","meta":{"_bbp_topic_count":0,"_bbp_reply_count":0,"_bbp_total_topic_count":0,"_bbp_total_reply_count":0,"_bbp_voice_count":0,"_bbp_anonymous_reply_count":0,"_bbp_topic_count_hidden":0,"_bbp_reply_count_hidden":0,"_bbp_forum_subforum_count":0,"footnotes":""},"categories":[113,111,1,29,89],"tags":[],"class_list":["post-3372","post","type-post","status-publish","format-standard","has-post-thumbnail","hentry","category-e-infantil","category-escola-porcel-de-cervera","category-general","category-portada","category-primaria"],"post_mailing_queue_ids":[],"_links":{"self":[{"href":"https:\/\/agora.xtec.cat\/zer-pedrera\/wp-json\/wp\/v2\/posts\/3372","targetHints":{"allow":["GET"]}}],"collection":[{"href":"https:\/\/agora.xtec.cat\/zer-pedrera\/wp-json\/wp\/v2\/posts"}],"about":[{"href":"https:\/\/agora.xtec.cat\/zer-pedrera\/wp-json\/wp\/v2\/types\/post"}],"author":[{"embeddable":true,"href":"https:\/\/agora.xtec.cat\/zer-pedrera\/wp-json\/wp\/v2\/users\/1"}],"replies":[{"embeddable":true,"href":"https:\/\/agora.xtec.cat\/zer-pedrera\/wp-json\/wp\/v2\/comments?post=3372"}],"version-history":[{"count":3,"href":"https:\/\/agora.xtec.cat\/zer-pedrera\/wp-json\/wp\/v2\/posts\/3372\/revisions"}],"predecessor-version":[{"id":3387,"href":"https:\/\/agora.xtec.cat\/zer-pedrera\/wp-json\/wp\/v2\/posts\/3372\/revisions\/3387"}],"wp:featuredmedia":[{"embeddable":true,"href":"https:\/\/agora.xtec.cat\/zer-pedrera\/wp-json\/wp\/v2\/media\/3377"}],"wp:attachment":[{"href":"https:\/\/agora.xtec.cat\/zer-pedrera\/wp-json\/wp\/v2\/media?parent=3372"}],"wp:term":[{"taxonomy":"category","embeddable":true,"href":"https:\/\/agora.xtec.cat\/zer-pedrera\/wp-json\/wp\/v2\/categories?post=3372"},{"taxonomy":"post_tag","embeddable":true,"href":"https:\/\/agora.xtec.cat\/zer-pedrera\/wp-json\/wp\/v2\/tags?post=3372"}],"curies":[{"name":"wp","href":"https:\/\/api.w.org\/{rel}","templated":true}]}}