{"id":3367,"date":"2021-01-18T08:20:11","date_gmt":"2021-01-18T07:20:11","guid":{"rendered":"http:\/\/agora.xtec.cat\/zer-pedrera\/?p=3367"},"modified":"2021-01-18T14:19:12","modified_gmt":"2021-01-18T13:19:12","slug":"la-neu-envaeix-el-nostre-pati","status":"publish","type":"post","link":"https:\/\/agora.xtec.cat\/zer-pedrera\/general\/la-neu-envaeix-el-nostre-pati\/","title":{"rendered":"La neu envaeix el pati de l&#8217;escola Porcel de Cervera."},"content":{"rendered":"<p>El cap de setmana ha nevat i ha omplert els nostres patis de neu. Dilluns, en tornar a l&#8217;escola despr\u00e9s de les vacances de Nadal, vam trobar els nostres patis enva\u00efts de neu. Tot i fer dos dies de la nevada, la neu encara estava intacta, ning\u00fa no l&#8217;havia trepitjat. Com que ja ven\u00edem vestits adequadament per anar a la neu, vam sortir a gaudir-ne. Vam tirar-n2os boles, vam fer un ninot, vam fer curses,&#8230; ens ho vam passar molt i molt b\u00e9!!!!<\/p>\n<p><img loading=\"lazy\" decoding=\"async\" class=\"aligncenter wp-image-3370\" src=\"https:\/\/agora.xtec.cat\/zer-pedrera\/wp-content\/uploads\/usu1473\/2021\/01\/1.jpg\" alt=\"\" width=\"545\" height=\"408\" srcset=\"https:\/\/agora.xtec.cat\/zer-pedrera\/wp-content\/uploads\/usu1473\/2021\/01\/1.jpg 577w, https:\/\/agora.xtec.cat\/zer-pedrera\/wp-content\/uploads\/usu1473\/2021\/01\/1-300x225.jpg 300w, https:\/\/agora.xtec.cat\/zer-pedrera\/wp-content\/uploads\/usu1473\/2021\/01\/1-200x150.jpg 200w\" sizes=\"auto, (max-width: 545px) 100vw, 545px\" \/><\/p>\n<p>&nbsp;<\/p>\n<p>Per veure m\u00e9s fotos cliqueu <a href=\"https:\/\/photos.app.goo.gl\/gzGu3w8tknNd7Ps46\">aqu\u00ed.<\/a><\/p>\n","protected":false},"excerpt":{"rendered":"<p>El cap de setmana ha nevat i ha omplert els nostres patis de neu. Dilluns, en tornar a l&#8217;escola despr\u00e9s de les vacances de Nadal, vam trobar els nostres patis enva\u00efts de neu. Tot i fer dos dies de la nevada, la neu encara estava&hellip;  <a href=\"https:\/\/agora.xtec.cat\/zer-pedrera\/general\/la-neu-envaeix-el-nostre-pati\/\" title=\"Read La neu envaeix el pati de l&#8217;escola Porcel de Cervera.\">Llegeix m\u00e9s\u00bb<\/a><\/p>\n","protected":false},"author":1,"featured_media":3370,"comment_status":"open","ping_status":"closed","sticky":false,"template":"","format":"standard","meta":{"_bbp_topic_count":0,"_bbp_reply_count":0,"_bbp_total_topic_count":0,"_bbp_total_reply_count":0,"_bbp_voice_count":0,"_bbp_anonymous_reply_count":0,"_bbp_topic_count_hidden":0,"_bbp_reply_count_hidden":0,"_bbp_forum_subforum_count":0,"footnotes":""},"categories":[113,111,1,29,89],"tags":[],"class_list":["post-3367","post","type-post","status-publish","format-standard","has-post-thumbnail","hentry","category-e-infantil","category-escola-porcel-de-cervera","category-general","category-portada","category-primaria"],"post_mailing_queue_ids":[],"_links":{"self":[{"href":"https:\/\/agora.xtec.cat\/zer-pedrera\/wp-json\/wp\/v2\/posts\/3367","targetHints":{"allow":["GET"]}}],"collection":[{"href":"https:\/\/agora.xtec.cat\/zer-pedrera\/wp-json\/wp\/v2\/posts"}],"about":[{"href":"https:\/\/agora.xtec.cat\/zer-pedrera\/wp-json\/wp\/v2\/types\/post"}],"author":[{"embeddable":true,"href":"https:\/\/agora.xtec.cat\/zer-pedrera\/wp-json\/wp\/v2\/users\/1"}],"replies":[{"embeddable":true,"href":"https:\/\/agora.xtec.cat\/zer-pedrera\/wp-json\/wp\/v2\/comments?post=3367"}],"version-history":[{"count":3,"href":"https:\/\/agora.xtec.cat\/zer-pedrera\/wp-json\/wp\/v2\/posts\/3367\/revisions"}],"predecessor-version":[{"id":3386,"href":"https:\/\/agora.xtec.cat\/zer-pedrera\/wp-json\/wp\/v2\/posts\/3367\/revisions\/3386"}],"wp:featuredmedia":[{"embeddable":true,"href":"https:\/\/agora.xtec.cat\/zer-pedrera\/wp-json\/wp\/v2\/media\/3370"}],"wp:attachment":[{"href":"https:\/\/agora.xtec.cat\/zer-pedrera\/wp-json\/wp\/v2\/media?parent=3367"}],"wp:term":[{"taxonomy":"category","embeddable":true,"href":"https:\/\/agora.xtec.cat\/zer-pedrera\/wp-json\/wp\/v2\/categories?post=3367"},{"taxonomy":"post_tag","embeddable":true,"href":"https:\/\/agora.xtec.cat\/zer-pedrera\/wp-json\/wp\/v2\/tags?post=3367"}],"curies":[{"name":"wp","href":"https:\/\/api.w.org\/{rel}","templated":true}]}}