{"id":3348,"date":"2021-01-16T14:22:37","date_gmt":"2021-01-16T13:22:37","guid":{"rendered":"http:\/\/agora.xtec.cat\/zer-pedrera\/?p=3348"},"modified":"2021-01-16T14:25:59","modified_gmt":"2021-01-16T13:25:59","slug":"a-lescola-porcel-de-cervera-desmuntem-el-pessebre","status":"publish","type":"post","link":"https:\/\/agora.xtec.cat\/zer-pedrera\/general\/a-lescola-porcel-de-cervera-desmuntem-el-pessebre\/","title":{"rendered":"A l&#8217;escola Porcel de Cervera desmuntem el pessebre"},"content":{"rendered":"<p>Avui, dimecres, 13 de gener, ha tocat desmuntar el pessebre, per\u00f2 no s\u00e9 si va ser m\u00e9s divertit el dia que el vam fer o avui. Mireu i valoreu vosaltres mateixos&#8230;<\/p>\n<p>Si voleu veure m\u00e9s fotos cliqueu <a href=\"https:\/\/photos.app.goo.gl\/WAJPxE222ENQTQXW7\">AQU\u00cd<\/a><\/p>\n<p><img loading=\"lazy\" decoding=\"async\" class=\"aligncenter size-full wp-image-3351\" src=\"https:\/\/agora.xtec.cat\/zer-pedrera\/wp-content\/uploads\/usu1473\/2021\/01\/1-pessebre-P.jpg\" alt=\"\" width=\"577\" height=\"433\" srcset=\"https:\/\/agora.xtec.cat\/zer-pedrera\/wp-content\/uploads\/usu1473\/2021\/01\/1-pessebre-P.jpg 577w, https:\/\/agora.xtec.cat\/zer-pedrera\/wp-content\/uploads\/usu1473\/2021\/01\/1-pessebre-P-300x225.jpg 300w, https:\/\/agora.xtec.cat\/zer-pedrera\/wp-content\/uploads\/usu1473\/2021\/01\/1-pessebre-P-200x150.jpg 200w\" sizes=\"auto, (max-width: 577px) 100vw, 577px\" \/><\/p>\n","protected":false},"excerpt":{"rendered":"<p>Avui, dimecres, 13 de gener, ha tocat desmuntar el pessebre, per\u00f2 no s\u00e9 si va ser m\u00e9s divertit el dia que el vam fer o avui. Mireu i valoreu vosaltres mateixos&#8230;<br \/>\nSi voleu veure m\u00e9s fotos cliqueu <a href=\"https:\/\/photos.app.goo.gl\/WAJPxE222ENQTQXW7\">AQU\u00cd<\/a><\/p>\n","protected":false},"author":1,"featured_media":3355,"comment_status":"open","ping_status":"closed","sticky":false,"template":"","format":"standard","meta":{"_bbp_topic_count":0,"_bbp_reply_count":0,"_bbp_total_topic_count":0,"_bbp_total_reply_count":0,"_bbp_voice_count":0,"_bbp_anonymous_reply_count":0,"_bbp_topic_count_hidden":0,"_bbp_reply_count_hidden":0,"_bbp_forum_subforum_count":0,"footnotes":""},"categories":[113,111,1,29],"tags":[],"class_list":["post-3348","post","type-post","status-publish","format-standard","has-post-thumbnail","hentry","category-e-infantil","category-escola-porcel-de-cervera","category-general","category-portada"],"post_mailing_queue_ids":[],"_links":{"self":[{"href":"https:\/\/agora.xtec.cat\/zer-pedrera\/wp-json\/wp\/v2\/posts\/3348","targetHints":{"allow":["GET"]}}],"collection":[{"href":"https:\/\/agora.xtec.cat\/zer-pedrera\/wp-json\/wp\/v2\/posts"}],"about":[{"href":"https:\/\/agora.xtec.cat\/zer-pedrera\/wp-json\/wp\/v2\/types\/post"}],"author":[{"embeddable":true,"href":"https:\/\/agora.xtec.cat\/zer-pedrera\/wp-json\/wp\/v2\/users\/1"}],"replies":[{"embeddable":true,"href":"https:\/\/agora.xtec.cat\/zer-pedrera\/wp-json\/wp\/v2\/comments?post=3348"}],"version-history":[{"count":4,"href":"https:\/\/agora.xtec.cat\/zer-pedrera\/wp-json\/wp\/v2\/posts\/3348\/revisions"}],"predecessor-version":[{"id":3356,"href":"https:\/\/agora.xtec.cat\/zer-pedrera\/wp-json\/wp\/v2\/posts\/3348\/revisions\/3356"}],"wp:featuredmedia":[{"embeddable":true,"href":"https:\/\/agora.xtec.cat\/zer-pedrera\/wp-json\/wp\/v2\/media\/3355"}],"wp:attachment":[{"href":"https:\/\/agora.xtec.cat\/zer-pedrera\/wp-json\/wp\/v2\/media?parent=3348"}],"wp:term":[{"taxonomy":"category","embeddable":true,"href":"https:\/\/agora.xtec.cat\/zer-pedrera\/wp-json\/wp\/v2\/categories?post=3348"},{"taxonomy":"post_tag","embeddable":true,"href":"https:\/\/agora.xtec.cat\/zer-pedrera\/wp-json\/wp\/v2\/tags?post=3348"}],"curies":[{"name":"wp","href":"https:\/\/api.w.org\/{rel}","templated":true}]}}