{"id":3326,"date":"2020-12-20T21:38:37","date_gmt":"2020-12-20T20:38:37","guid":{"rendered":"http:\/\/agora.xtec.cat\/zer-pedrera\/?p=3326"},"modified":"2020-12-20T21:38:37","modified_gmt":"2020-12-20T20:38:37","slug":"petites-grans-artistes-de-la-zer-premiades","status":"publish","type":"post","link":"https:\/\/agora.xtec.cat\/zer-pedrera\/general\/petites-grans-artistes-de-la-zer-premiades\/","title":{"rendered":"Petites grans artistes de la ZER, PREMIADES!!!"},"content":{"rendered":"<p>En la convocat\u00f2ria de l&#8217;any 2020 del &#8220;XI Concurs de dibuix i pintura&#8221; que organitza el Celler Mas Banch i Jov\u00e9 de La Pobla de C\u00e9rvoles per als escolars de Les Garrigues, ha resultat premiada en primer lloc en la 3a. categoria (4t., 5\u00e8. i 6\u00e8. d&#8217;E.Prim\u00e0ria) l&#8217;ARIADNA MIR\u00d3 GARCIA, de 6\u00e8 de l&#8217;Escola &#8220;Abat Ruera&#8221; de Puiggr\u00f2s i en la 1a. categoria (P3, P4 i P5), la MARINA BALCELLS BALAGUER de l&#8217;escola &#8220;Porcel de Cervera&#8221; de l&#8217;Espluga Calba.<br \/>\nAquest diumenge 20\/12\/2020 al mateix Celler, s&#8217;ha fet l&#8217;entrega de guardons a tots els\/les premiats\/des de la comarca, consistent en material art\u00edstic per a poder seguir creant obres d&#8217;art.<\/p>\n<p>MOLT\u00cdSSIMES FELICITATS, MARINA i ARIADNA!!!<\/p>\n<p><img loading=\"lazy\" decoding=\"async\" class=\"aligncenter size-full wp-image-3327\" src=\"https:\/\/agora.xtec.cat\/zer-pedrera\/wp-content\/uploads\/usu1473\/2020\/12\/dddddddd.jpeg\" alt=\"\" width=\"433\" height=\"577\" srcset=\"https:\/\/agora.xtec.cat\/zer-pedrera\/wp-content\/uploads\/usu1473\/2020\/12\/dddddddd.jpeg 433w, https:\/\/agora.xtec.cat\/zer-pedrera\/wp-content\/uploads\/usu1473\/2020\/12\/dddddddd-225x300.jpeg 225w\" sizes=\"auto, (max-width: 433px) 100vw, 433px\" \/><\/p>\n<p>M\u00e9s fotos clicant <a href=\"https:\/\/photos.app.goo.gl\/5hHJZ7D49pWWWLZdA\" target=\"_blank\" rel=\"noopener noreferrer\"><strong>AQU\u00cd<\/strong><\/a>.<\/p>\n","protected":false},"excerpt":{"rendered":"<p>En la convocat\u00f2ria de l&#8217;any 2020 del &#8220;XI Concurs de dibuix i pintura&#8221; que organitza el Celler Mas Banch i Jov\u00e9 de La Pobla de C\u00e9rvoles per als escolars de Les Garrigues, ha resultat premiada en primer lloc en la 3a. categoria (4t., 5\u00e8. i&hellip;  <a href=\"https:\/\/agora.xtec.cat\/zer-pedrera\/general\/petites-grans-artistes-de-la-zer-premiades\/\" title=\"Read Petites grans artistes de la ZER, PREMIADES!!!\">Llegeix m\u00e9s\u00bb<\/a><\/p>\n","protected":false},"author":1,"featured_media":3327,"comment_status":"open","ping_status":"closed","sticky":false,"template":"","format":"standard","meta":{"_bbp_topic_count":0,"_bbp_reply_count":0,"_bbp_total_topic_count":0,"_bbp_total_reply_count":0,"_bbp_voice_count":0,"_bbp_anonymous_reply_count":0,"_bbp_topic_count_hidden":0,"_bbp_reply_count_hidden":0,"_bbp_forum_subforum_count":0,"footnotes":""},"categories":[113,110,111,1,29,89],"tags":[],"class_list":["post-3326","post","type-post","status-publish","format-standard","has-post-thumbnail","hentry","category-e-infantil","category-escola-abat-ruera","category-escola-porcel-de-cervera","category-general","category-portada","category-primaria"],"post_mailing_queue_ids":[],"_links":{"self":[{"href":"https:\/\/agora.xtec.cat\/zer-pedrera\/wp-json\/wp\/v2\/posts\/3326","targetHints":{"allow":["GET"]}}],"collection":[{"href":"https:\/\/agora.xtec.cat\/zer-pedrera\/wp-json\/wp\/v2\/posts"}],"about":[{"href":"https:\/\/agora.xtec.cat\/zer-pedrera\/wp-json\/wp\/v2\/types\/post"}],"author":[{"embeddable":true,"href":"https:\/\/agora.xtec.cat\/zer-pedrera\/wp-json\/wp\/v2\/users\/1"}],"replies":[{"embeddable":true,"href":"https:\/\/agora.xtec.cat\/zer-pedrera\/wp-json\/wp\/v2\/comments?post=3326"}],"version-history":[{"count":1,"href":"https:\/\/agora.xtec.cat\/zer-pedrera\/wp-json\/wp\/v2\/posts\/3326\/revisions"}],"predecessor-version":[{"id":3328,"href":"https:\/\/agora.xtec.cat\/zer-pedrera\/wp-json\/wp\/v2\/posts\/3326\/revisions\/3328"}],"wp:featuredmedia":[{"embeddable":true,"href":"https:\/\/agora.xtec.cat\/zer-pedrera\/wp-json\/wp\/v2\/media\/3327"}],"wp:attachment":[{"href":"https:\/\/agora.xtec.cat\/zer-pedrera\/wp-json\/wp\/v2\/media?parent=3326"}],"wp:term":[{"taxonomy":"category","embeddable":true,"href":"https:\/\/agora.xtec.cat\/zer-pedrera\/wp-json\/wp\/v2\/categories?post=3326"},{"taxonomy":"post_tag","embeddable":true,"href":"https:\/\/agora.xtec.cat\/zer-pedrera\/wp-json\/wp\/v2\/tags?post=3326"}],"curies":[{"name":"wp","href":"https:\/\/api.w.org\/{rel}","templated":true}]}}