{"id":3319,"date":"2020-12-21T14:05:49","date_gmt":"2020-12-21T13:05:49","guid":{"rendered":"http:\/\/agora.xtec.cat\/zer-pedrera\/?p=3319"},"modified":"2020-12-21T14:05:49","modified_gmt":"2020-12-21T13:05:49","slug":"nadales-de-musica-a-lescola-porcel-de-cervera","status":"publish","type":"post","link":"https:\/\/agora.xtec.cat\/zer-pedrera\/general\/nadales-de-musica-a-lescola-porcel-de-cervera\/","title":{"rendered":"Nadales de M\u00fasica a l&#8217;escola Porcel de Cervera"},"content":{"rendered":"<p>A les hores de m\u00fasica els nens i les nenes de l&#8217;escola Porcel de Cervera han estat cantant unes can\u00e7ons de Nadal.<\/p>\n<p>Com que aquest any no hi ha festival obert a les fam\u00edlies us fem arribar els v\u00eddeos gravats a l&#8217;escola.<\/p>\n<p>Els alumnes d&#8217;infantil i cicle inicial han cantat la can\u00e7\u00f3 &#8220;La llum del fanalet&#8221;.<\/p>\n<p>https:\/\/youtu.be\/1QCP28w82Vw<\/p>\n<p>Els alumnes de cicle mitj\u00e0 i cicle superior han cantat la can\u00e7\u00f3 &#8220;M&#8217;agrada el Nadal&#8221;.<\/p>\n<p>https:\/\/youtu.be\/JdH6F9dMofE<\/p>\n<p>Amb la flauta tamb\u00e9 han interpretat la can\u00e7\u00f3 &#8220;Santa Nit&#8221;.<\/p>\n<p>https:\/\/youtu.be\/CGpCcdCx0Yw<\/p>\n<p>&nbsp;<\/p>\n","protected":false},"excerpt":{"rendered":"<p>A les hores de m\u00fasica els nens i les nenes de l&#8217;escola Porcel de Cervera han estat cantant unes can\u00e7ons de Nadal.<br \/>\nCom que aquest any no hi ha festival obert a les fam\u00edlies us fem arribar els v\u00eddeos gravats a l&#8217;escola.<br \/>\nEls alumnes d&#8217;infantil i cicle&hellip;  <a href=\"https:\/\/agora.xtec.cat\/zer-pedrera\/general\/nadales-de-musica-a-lescola-porcel-de-cervera\/\" title=\"Read Nadales de M\u00fasica a l&#8217;escola Porcel de Cervera\">Llegeix m\u00e9s\u00bb<\/a><\/p>\n","protected":false},"author":1,"featured_media":3320,"comment_status":"open","ping_status":"closed","sticky":false,"template":"","format":"standard","meta":{"_bbp_topic_count":0,"_bbp_reply_count":0,"_bbp_total_topic_count":0,"_bbp_total_reply_count":0,"_bbp_voice_count":0,"_bbp_anonymous_reply_count":0,"_bbp_topic_count_hidden":0,"_bbp_reply_count_hidden":0,"_bbp_forum_subforum_count":0,"footnotes":""},"categories":[111,1,29],"tags":[152,170],"class_list":["post-3319","post","type-post","status-publish","format-standard","has-post-thumbnail","hentry","category-escola-porcel-de-cervera","category-general","category-portada","tag-escola-porcel-de-cervera","tag-nadales"],"post_mailing_queue_ids":[],"_links":{"self":[{"href":"https:\/\/agora.xtec.cat\/zer-pedrera\/wp-json\/wp\/v2\/posts\/3319","targetHints":{"allow":["GET"]}}],"collection":[{"href":"https:\/\/agora.xtec.cat\/zer-pedrera\/wp-json\/wp\/v2\/posts"}],"about":[{"href":"https:\/\/agora.xtec.cat\/zer-pedrera\/wp-json\/wp\/v2\/types\/post"}],"author":[{"embeddable":true,"href":"https:\/\/agora.xtec.cat\/zer-pedrera\/wp-json\/wp\/v2\/users\/1"}],"replies":[{"embeddable":true,"href":"https:\/\/agora.xtec.cat\/zer-pedrera\/wp-json\/wp\/v2\/comments?post=3319"}],"version-history":[{"count":3,"href":"https:\/\/agora.xtec.cat\/zer-pedrera\/wp-json\/wp\/v2\/posts\/3319\/revisions"}],"predecessor-version":[{"id":3335,"href":"https:\/\/agora.xtec.cat\/zer-pedrera\/wp-json\/wp\/v2\/posts\/3319\/revisions\/3335"}],"wp:featuredmedia":[{"embeddable":true,"href":"https:\/\/agora.xtec.cat\/zer-pedrera\/wp-json\/wp\/v2\/media\/3320"}],"wp:attachment":[{"href":"https:\/\/agora.xtec.cat\/zer-pedrera\/wp-json\/wp\/v2\/media?parent=3319"}],"wp:term":[{"taxonomy":"category","embeddable":true,"href":"https:\/\/agora.xtec.cat\/zer-pedrera\/wp-json\/wp\/v2\/categories?post=3319"},{"taxonomy":"post_tag","embeddable":true,"href":"https:\/\/agora.xtec.cat\/zer-pedrera\/wp-json\/wp\/v2\/tags?post=3319"}],"curies":[{"name":"wp","href":"https:\/\/api.w.org\/{rel}","templated":true}]}}