{"id":3299,"date":"2020-12-16T11:52:02","date_gmt":"2020-12-16T10:52:02","guid":{"rendered":"http:\/\/agora.xtec.cat\/zer-pedrera\/?p=3299"},"modified":"2020-12-16T11:52:02","modified_gmt":"2020-12-16T10:52:02","slug":"celebrem-el-nadal-a-lescola-abat-ruera","status":"publish","type":"post","link":"https:\/\/agora.xtec.cat\/zer-pedrera\/general\/celebrem-el-nadal-a-lescola-abat-ruera\/","title":{"rendered":"Celebrem el Nadal a l&#8217;escola Abat Ruera"},"content":{"rendered":"<p>Ja arriba el Nadal i la pand\u00e8mia no ens ha d&#8217;impedir celebrar-lo com tots els nens i nenes es mereixen!<\/p>\n<p>Per tant, hem preparat un seguit d&#8217;activitats que de ben segur suposaran el gaudi de tots els infants.<\/p>\n<p>Malauradament, aquest any, la programaci\u00f3 es dur\u00e0 a terme a porta tancada. Tanmateix, tothom en podr\u00e0 ser part\u00edcip perqu\u00e8 s&#8217;enregistrar\u00e0 la festa i es penjar\u00e0 al canal youtube de l&#8217;escola.<\/p>\n<p>Bon Nadal!<\/p>\n<p><img loading=\"lazy\" decoding=\"async\" class=\"aligncenter size-full wp-image-3300\" src=\"https:\/\/agora.xtec.cat\/zer-pedrera\/wp-content\/uploads\/usu1473\/2020\/12\/Nadal-a-lescola-ABAT-RUERA.jpg\" alt=\"\" width=\"1189\" height=\"1682\" srcset=\"https:\/\/agora.xtec.cat\/zer-pedrera\/wp-content\/uploads\/usu1473\/2020\/12\/Nadal-a-lescola-ABAT-RUERA.jpg 1189w, https:\/\/agora.xtec.cat\/zer-pedrera\/wp-content\/uploads\/usu1473\/2020\/12\/Nadal-a-lescola-ABAT-RUERA-212x300.jpg 212w, https:\/\/agora.xtec.cat\/zer-pedrera\/wp-content\/uploads\/usu1473\/2020\/12\/Nadal-a-lescola-ABAT-RUERA-768x1086.jpg 768w, https:\/\/agora.xtec.cat\/zer-pedrera\/wp-content\/uploads\/usu1473\/2020\/12\/Nadal-a-lescola-ABAT-RUERA-724x1024.jpg 724w\" sizes=\"auto, (max-width: 1189px) 100vw, 1189px\" \/><\/p>\n<p>&nbsp;<\/p>\n","protected":false},"excerpt":{"rendered":"<p>Ja arriba el Nadal i la pand\u00e8mia no ens ha d&#8217;impedir celebrar-lo com tots els nens i nenes es mereixen!<br \/>\nPer tant, hem preparat un seguit d&#8217;activitats que de ben segur suposaran el gaudi de tots els infants.<br \/>\nMalauradament, aquest any, la programaci\u00f3 es dur\u00e0 a terme&hellip;  <a href=\"https:\/\/agora.xtec.cat\/zer-pedrera\/general\/celebrem-el-nadal-a-lescola-abat-ruera\/\" title=\"Read Celebrem el Nadal a l&#8217;escola Abat Ruera\">Llegeix m\u00e9s\u00bb<\/a><\/p>\n","protected":false},"author":1,"featured_media":3300,"comment_status":"open","ping_status":"closed","sticky":false,"template":"","format":"standard","meta":{"_bbp_topic_count":0,"_bbp_reply_count":0,"_bbp_total_topic_count":0,"_bbp_total_reply_count":0,"_bbp_voice_count":0,"_bbp_anonymous_reply_count":0,"_bbp_topic_count_hidden":0,"_bbp_reply_count_hidden":0,"_bbp_forum_subforum_count":0,"footnotes":""},"categories":[113,110,1,29,89],"tags":[],"class_list":["post-3299","post","type-post","status-publish","format-standard","has-post-thumbnail","hentry","category-e-infantil","category-escola-abat-ruera","category-general","category-portada","category-primaria"],"post_mailing_queue_ids":[],"_links":{"self":[{"href":"https:\/\/agora.xtec.cat\/zer-pedrera\/wp-json\/wp\/v2\/posts\/3299","targetHints":{"allow":["GET"]}}],"collection":[{"href":"https:\/\/agora.xtec.cat\/zer-pedrera\/wp-json\/wp\/v2\/posts"}],"about":[{"href":"https:\/\/agora.xtec.cat\/zer-pedrera\/wp-json\/wp\/v2\/types\/post"}],"author":[{"embeddable":true,"href":"https:\/\/agora.xtec.cat\/zer-pedrera\/wp-json\/wp\/v2\/users\/1"}],"replies":[{"embeddable":true,"href":"https:\/\/agora.xtec.cat\/zer-pedrera\/wp-json\/wp\/v2\/comments?post=3299"}],"version-history":[{"count":1,"href":"https:\/\/agora.xtec.cat\/zer-pedrera\/wp-json\/wp\/v2\/posts\/3299\/revisions"}],"predecessor-version":[{"id":3301,"href":"https:\/\/agora.xtec.cat\/zer-pedrera\/wp-json\/wp\/v2\/posts\/3299\/revisions\/3301"}],"wp:featuredmedia":[{"embeddable":true,"href":"https:\/\/agora.xtec.cat\/zer-pedrera\/wp-json\/wp\/v2\/media\/3300"}],"wp:attachment":[{"href":"https:\/\/agora.xtec.cat\/zer-pedrera\/wp-json\/wp\/v2\/media?parent=3299"}],"wp:term":[{"taxonomy":"category","embeddable":true,"href":"https:\/\/agora.xtec.cat\/zer-pedrera\/wp-json\/wp\/v2\/categories?post=3299"},{"taxonomy":"post_tag","embeddable":true,"href":"https:\/\/agora.xtec.cat\/zer-pedrera\/wp-json\/wp\/v2\/tags?post=3299"}],"curies":[{"name":"wp","href":"https:\/\/api.w.org\/{rel}","templated":true}]}}