{"id":3288,"date":"2020-12-12T10:57:49","date_gmt":"2020-12-12T09:57:49","guid":{"rendered":"http:\/\/agora.xtec.cat\/zer-pedrera\/?p=3288"},"modified":"2020-12-12T10:57:49","modified_gmt":"2020-12-12T09:57:49","slug":"a-la-recerca-de-la-barretina-del-tio","status":"publish","type":"post","link":"https:\/\/agora.xtec.cat\/zer-pedrera\/portada\/a-la-recerca-de-la-barretina-del-tio\/","title":{"rendered":"A la recerca de la barretina del ti\u00f3."},"content":{"rendered":"<p>Avui els nens i nenes de la classe dels petits, de l&#8217;escola Porcel de Cervera, hem sortit als carrers de l&#8217;Espluga Calba a cercar la barretina del nostre ti\u00f3.<\/p>\n<p>Aquest mat\u00ed hem trobat una nota del ti\u00f3 on ens deia que l&#8217;altre dia, mentre buscava la nostra escola, havia perdut la seva barretina, i ens demanava ajuda per a trobar-la.<\/p>\n<p>Despr\u00e9s de situar al pl\u00e0nol del poble els llocs m\u00e9s importants d&#8217;aquest, hem sortit a buscar-la.<\/p>\n<p>En cadascun dels llocs marcats hem anat trobant les lletres de la paraula &#8220;barretina&#8221; i un cop trobades totes i composada la paraula, al darrera hem vist la foto del lloc on hi havia la barretina.<\/p>\n<p>El ti\u00f3 ens ha preparat un joc amb el qual ens ho hem passat d&#8217;all\u00f2 m\u00e9s b\u00e9.<\/p>\n<p>Fins i tot la Cinta ens ha donat un trosset de pa a tots!!!!<\/p>\n<p>Agra\u00efm l&#8217;ajuda d&#8217;una amiga del ti\u00f3 que ha ajudat a fer possible aquest joc de pistes. \ud83d\ude42<\/p>\n<p>&nbsp;<\/p>\n<p><img loading=\"lazy\" decoding=\"async\" class=\"aligncenter size-full wp-image-3289\" src=\"https:\/\/agora.xtec.cat\/zer-pedrera\/wp-content\/uploads\/usu1473\/2020\/12\/Portada-3.jpg\" alt=\"\" width=\"548\" height=\"456\" srcset=\"https:\/\/agora.xtec.cat\/zer-pedrera\/wp-content\/uploads\/usu1473\/2020\/12\/Portada-3.jpg 548w, https:\/\/agora.xtec.cat\/zer-pedrera\/wp-content\/uploads\/usu1473\/2020\/12\/Portada-3-300x250.jpg 300w\" sizes=\"auto, (max-width: 548px) 100vw, 548px\" \/><\/p>\n<p>Si voleu veure m\u00e9s fotos cliqueu <a href=\"https:\/\/photos.app.goo.gl\/GYWs3N4ZRSHyX5pFA\">AQU\u00cd.<\/a><\/p>\n","protected":false},"excerpt":{"rendered":"<p>Avui els nens i nenes de la classe dels petits, de l&#8217;escola Porcel de Cervera, hem sortit als carrers de l&#8217;Espluga Calba a cercar la barretina del nostre ti\u00f3.<br \/>\nAquest mat\u00ed hem trobat una nota del ti\u00f3 on ens deia que l&#8217;altre dia, mentre buscava la&hellip;  <a href=\"https:\/\/agora.xtec.cat\/zer-pedrera\/portada\/a-la-recerca-de-la-barretina-del-tio\/\" title=\"Read A la recerca de la barretina del ti\u00f3.\">Llegeix m\u00e9s\u00bb<\/a><\/p>\n","protected":false},"author":1,"featured_media":3289,"comment_status":"open","ping_status":"closed","sticky":false,"template":"","format":"standard","meta":{"_bbp_topic_count":0,"_bbp_reply_count":0,"_bbp_total_topic_count":0,"_bbp_total_reply_count":0,"_bbp_voice_count":0,"_bbp_anonymous_reply_count":0,"_bbp_topic_count_hidden":0,"_bbp_reply_count_hidden":0,"_bbp_forum_subforum_count":0,"footnotes":""},"categories":[113,111,29,89],"tags":[],"class_list":["post-3288","post","type-post","status-publish","format-standard","has-post-thumbnail","hentry","category-e-infantil","category-escola-porcel-de-cervera","category-portada","category-primaria"],"post_mailing_queue_ids":[],"_links":{"self":[{"href":"https:\/\/agora.xtec.cat\/zer-pedrera\/wp-json\/wp\/v2\/posts\/3288","targetHints":{"allow":["GET"]}}],"collection":[{"href":"https:\/\/agora.xtec.cat\/zer-pedrera\/wp-json\/wp\/v2\/posts"}],"about":[{"href":"https:\/\/agora.xtec.cat\/zer-pedrera\/wp-json\/wp\/v2\/types\/post"}],"author":[{"embeddable":true,"href":"https:\/\/agora.xtec.cat\/zer-pedrera\/wp-json\/wp\/v2\/users\/1"}],"replies":[{"embeddable":true,"href":"https:\/\/agora.xtec.cat\/zer-pedrera\/wp-json\/wp\/v2\/comments?post=3288"}],"version-history":[{"count":3,"href":"https:\/\/agora.xtec.cat\/zer-pedrera\/wp-json\/wp\/v2\/posts\/3288\/revisions"}],"predecessor-version":[{"id":3292,"href":"https:\/\/agora.xtec.cat\/zer-pedrera\/wp-json\/wp\/v2\/posts\/3288\/revisions\/3292"}],"wp:featuredmedia":[{"embeddable":true,"href":"https:\/\/agora.xtec.cat\/zer-pedrera\/wp-json\/wp\/v2\/media\/3289"}],"wp:attachment":[{"href":"https:\/\/agora.xtec.cat\/zer-pedrera\/wp-json\/wp\/v2\/media?parent=3288"}],"wp:term":[{"taxonomy":"category","embeddable":true,"href":"https:\/\/agora.xtec.cat\/zer-pedrera\/wp-json\/wp\/v2\/categories?post=3288"},{"taxonomy":"post_tag","embeddable":true,"href":"https:\/\/agora.xtec.cat\/zer-pedrera\/wp-json\/wp\/v2\/tags?post=3288"}],"curies":[{"name":"wp","href":"https:\/\/api.w.org\/{rel}","templated":true}]}}