{"id":3275,"date":"2020-12-11T10:49:31","date_gmt":"2020-12-11T09:49:31","guid":{"rendered":"http:\/\/agora.xtec.cat\/zer-pedrera\/?p=3275"},"modified":"2020-12-11T10:49:31","modified_gmt":"2020-12-11T09:49:31","slug":"i-ja-en-son-2000","status":"publish","type":"post","link":"https:\/\/agora.xtec.cat\/zer-pedrera\/general\/i-ja-en-son-2000\/","title":{"rendered":"I ja en s\u00f3n 2000!"},"content":{"rendered":"<p>L&#8217;escola Abat Ruera, en el seu afany de disposar d&#8217;un espai de biblioteca escolar que esdevingui centre neur\u00e0lgic de la lectura pel que fa als seus tres pilars (compet\u00e8ncia lectora, compet\u00e8ncia informacional i gust per la lectura), inici\u00e0, a principi de curs 2020-21, l&#8217;arranjament del rebedor de l&#8217;escola per a aquesta finalitat.<\/p>\n<p>El resultat \u00e9s \u00f2ptim at\u00e8s que ens permetr\u00e0 realitzar activitats del Pla Lector en un espai polivalent i acollidor per\u00f2 amb notables connotacions lectores. De moment, va prenent forma i \u00e9s l&#8217;espai que recull el fons bibliogr\u00e0fic del centre, l&#8217;espai on dipositem els llibres del Bibliob\u00fas per tal que nens i nenes en puguin fer \u00fas, espai de trobada per activitats comunes o intercicle i l&#8217;espai de refer\u00e8ncia per activitats de dinamitzaci\u00f3 (com l&#8217;enigma de la setmana), entre d&#8217;altres utilitats.<\/p>\n<p>A principi de curs, la coordinadora de la &#8220;BiblioRuera&#8221;, la Pili M\u00f2nico, va iniciar un proc\u00e9s d&#8217;expurga i catalogaci\u00f3 del fons bibliogr\u00e0fic. L&#8217;escola es va despendre d&#8217;aquells llibres obsolets o massa antics, aquells que no generaven cap tipus de motivaci\u00f3 per la lectura a causa del seu format o del seu contingut. Altrament, s&#8217;inici\u00e0 un proc\u00e9s de catalogaci\u00f3 dels volums v\u00e0lids amb &#8220;e-P\u00e8rgam&#8221;, que permet enlla\u00e7ar la nostra biblioteca amb la xarxa de biblioteques escolars de Catalunya. El nostre fons bibliogr\u00e0fic est\u00e0 recollit digitalment i properament es podr\u00e0 iniciar el pr\u00e9stec del fons a trav\u00e9s d&#8217;un control digitalitzat. Tots els llibres disposen, a m\u00e9s, d&#8217;una etiqueta identificativa que permetr\u00e0 la identificaci\u00f3 i facilitar\u00e0 informaci\u00f3 sobre la seva ubicaci\u00f3 dins el fons.<\/p>\n<p>La gran not\u00edcia \u00e9s que l&#8217;escola, aquesta setmana, ha arribat a l&#8217;estratosf\u00e8rica xifra de 2000 llibres catalogats! Molt bona feina feta per part de la coordinadora de Biblioteca.<\/p>\n<p>I encara ens en quedar\u00e0 per catalogar per al que queda de curs! Per tant, l&#8217;escola creu convenient ampliar l&#8217;espai on ubicar els llibres i esperem que els Reis ens portin all\u00f2 que els mestres hem demanat: uns prestatges a mida per tal de fer de la nostra biblioteca, l&#8217;espai de lectura que tots els nens i nenes desitgen.<\/p>\n<p><img loading=\"lazy\" decoding=\"async\" class=\"aligncenter size-full wp-image-3276\" src=\"https:\/\/agora.xtec.cat\/zer-pedrera\/wp-content\/uploads\/usu1473\/2020\/12\/Biblio.jpeg\" alt=\"\" width=\"433\" height=\"577\" srcset=\"https:\/\/agora.xtec.cat\/zer-pedrera\/wp-content\/uploads\/usu1473\/2020\/12\/Biblio.jpeg 433w, https:\/\/agora.xtec.cat\/zer-pedrera\/wp-content\/uploads\/usu1473\/2020\/12\/Biblio-225x300.jpeg 225w\" sizes=\"auto, (max-width: 433px) 100vw, 433px\" \/><\/p>\n","protected":false},"excerpt":{"rendered":"<p>L&#8217;escola Abat Ruera, en el seu afany de disposar d&#8217;un espai de biblioteca escolar que esdevingui centre neur\u00e0lgic de la lectura pel que fa als seus tres pilars (compet\u00e8ncia lectora, compet\u00e8ncia informacional i gust per la lectura), inici\u00e0, a principi de curs 2020-21, l&#8217;arranjament del&hellip;  <a href=\"https:\/\/agora.xtec.cat\/zer-pedrera\/general\/i-ja-en-son-2000\/\" title=\"Read I ja en s\u00f3n 2000!\">Llegeix m\u00e9s\u00bb<\/a><\/p>\n","protected":false},"author":1,"featured_media":3276,"comment_status":"open","ping_status":"closed","sticky":false,"template":"","format":"standard","meta":{"_bbp_topic_count":0,"_bbp_reply_count":0,"_bbp_total_topic_count":0,"_bbp_total_reply_count":0,"_bbp_voice_count":0,"_bbp_anonymous_reply_count":0,"_bbp_topic_count_hidden":0,"_bbp_reply_count_hidden":0,"_bbp_forum_subforum_count":0,"footnotes":""},"categories":[113,110,1,29,89],"tags":[],"class_list":["post-3275","post","type-post","status-publish","format-standard","has-post-thumbnail","hentry","category-e-infantil","category-escola-abat-ruera","category-general","category-portada","category-primaria"],"post_mailing_queue_ids":[],"_links":{"self":[{"href":"https:\/\/agora.xtec.cat\/zer-pedrera\/wp-json\/wp\/v2\/posts\/3275","targetHints":{"allow":["GET"]}}],"collection":[{"href":"https:\/\/agora.xtec.cat\/zer-pedrera\/wp-json\/wp\/v2\/posts"}],"about":[{"href":"https:\/\/agora.xtec.cat\/zer-pedrera\/wp-json\/wp\/v2\/types\/post"}],"author":[{"embeddable":true,"href":"https:\/\/agora.xtec.cat\/zer-pedrera\/wp-json\/wp\/v2\/users\/1"}],"replies":[{"embeddable":true,"href":"https:\/\/agora.xtec.cat\/zer-pedrera\/wp-json\/wp\/v2\/comments?post=3275"}],"version-history":[{"count":1,"href":"https:\/\/agora.xtec.cat\/zer-pedrera\/wp-json\/wp\/v2\/posts\/3275\/revisions"}],"predecessor-version":[{"id":3277,"href":"https:\/\/agora.xtec.cat\/zer-pedrera\/wp-json\/wp\/v2\/posts\/3275\/revisions\/3277"}],"wp:featuredmedia":[{"embeddable":true,"href":"https:\/\/agora.xtec.cat\/zer-pedrera\/wp-json\/wp\/v2\/media\/3276"}],"wp:attachment":[{"href":"https:\/\/agora.xtec.cat\/zer-pedrera\/wp-json\/wp\/v2\/media?parent=3275"}],"wp:term":[{"taxonomy":"category","embeddable":true,"href":"https:\/\/agora.xtec.cat\/zer-pedrera\/wp-json\/wp\/v2\/categories?post=3275"},{"taxonomy":"post_tag","embeddable":true,"href":"https:\/\/agora.xtec.cat\/zer-pedrera\/wp-json\/wp\/v2\/tags?post=3275"}],"curies":[{"name":"wp","href":"https:\/\/api.w.org\/{rel}","templated":true}]}}