{"id":3265,"date":"2020-12-11T00:42:08","date_gmt":"2020-12-10T23:42:08","guid":{"rendered":"http:\/\/agora.xtec.cat\/zer-pedrera\/?p=3265"},"modified":"2020-12-11T00:42:52","modified_gmt":"2020-12-10T23:42:52","slug":"matematiques-al-pati-de-lespluga","status":"publish","type":"post","link":"https:\/\/agora.xtec.cat\/zer-pedrera\/general\/matematiques-al-pati-de-lespluga\/","title":{"rendered":"Matem\u00e0tiques al pati de L&#8217;Espluga"},"content":{"rendered":"<p>Dins de la sisena hora de matem\u00e0tiques funcionals, a cicles mitj\u00e0 i superior, hem fet el croquis de la pista del pati del darrera de l\u2019escola, hem mesurat l\u2019amplada i la llargada, hem fet el canvi de metres a cent\u00edmetres i ara estem calculant la seva superf\u00edcie en m<sup>2 <\/sup>i despr\u00e9s per treballar les hect\u00e0rees compararem la nostra pista amb un camp de futbol professional. Quina feinada!<\/p>\n<p>Si vols veure m\u00e9s fotos clica <a href=\"https:\/\/photos.app.goo.gl\/QvouX8fKBTTunyj77\">AQU\u00cd<img loading=\"lazy\" decoding=\"async\" class=\"aligncenter size-full wp-image-3267\" src=\"https:\/\/agora.xtec.cat\/zer-pedrera\/wp-content\/uploads\/usu1473\/2020\/12\/M-1-1.jpg\" alt=\"\" width=\"320\" height=\"240\" srcset=\"https:\/\/agora.xtec.cat\/zer-pedrera\/wp-content\/uploads\/usu1473\/2020\/12\/M-1-1.jpg 320w, https:\/\/agora.xtec.cat\/zer-pedrera\/wp-content\/uploads\/usu1473\/2020\/12\/M-1-1-300x225.jpg 300w, https:\/\/agora.xtec.cat\/zer-pedrera\/wp-content\/uploads\/usu1473\/2020\/12\/M-1-1-200x150.jpg 200w\" sizes=\"auto, (max-width: 320px) 100vw, 320px\" \/><\/a><\/p>\n","protected":false},"excerpt":{"rendered":"<p>Dins de la sisena hora de matem\u00e0tiques funcionals, a cicles mitj\u00e0 i superior, hem fet el croquis de la pista del pati del darrera de l\u2019escola, hem mesurat l\u2019amplada i la llargada, hem fet el canvi de metres a cent\u00edmetres i ara estem calculant la&hellip;  <a href=\"https:\/\/agora.xtec.cat\/zer-pedrera\/general\/matematiques-al-pati-de-lespluga\/\" title=\"Read Matem\u00e0tiques al pati de L&#8217;Espluga\">Llegeix m\u00e9s\u00bb<\/a><\/p>\n","protected":false},"author":1,"featured_media":3267,"comment_status":"open","ping_status":"closed","sticky":false,"template":"","format":"standard","meta":{"_bbp_topic_count":0,"_bbp_reply_count":0,"_bbp_total_topic_count":0,"_bbp_total_reply_count":0,"_bbp_voice_count":0,"_bbp_anonymous_reply_count":0,"_bbp_topic_count_hidden":0,"_bbp_reply_count_hidden":0,"_bbp_forum_subforum_count":0,"footnotes":""},"categories":[1,29,89],"tags":[],"class_list":["post-3265","post","type-post","status-publish","format-standard","has-post-thumbnail","hentry","category-general","category-portada","category-primaria"],"post_mailing_queue_ids":[],"_links":{"self":[{"href":"https:\/\/agora.xtec.cat\/zer-pedrera\/wp-json\/wp\/v2\/posts\/3265","targetHints":{"allow":["GET"]}}],"collection":[{"href":"https:\/\/agora.xtec.cat\/zer-pedrera\/wp-json\/wp\/v2\/posts"}],"about":[{"href":"https:\/\/agora.xtec.cat\/zer-pedrera\/wp-json\/wp\/v2\/types\/post"}],"author":[{"embeddable":true,"href":"https:\/\/agora.xtec.cat\/zer-pedrera\/wp-json\/wp\/v2\/users\/1"}],"replies":[{"embeddable":true,"href":"https:\/\/agora.xtec.cat\/zer-pedrera\/wp-json\/wp\/v2\/comments?post=3265"}],"version-history":[{"count":1,"href":"https:\/\/agora.xtec.cat\/zer-pedrera\/wp-json\/wp\/v2\/posts\/3265\/revisions"}],"predecessor-version":[{"id":3268,"href":"https:\/\/agora.xtec.cat\/zer-pedrera\/wp-json\/wp\/v2\/posts\/3265\/revisions\/3268"}],"wp:featuredmedia":[{"embeddable":true,"href":"https:\/\/agora.xtec.cat\/zer-pedrera\/wp-json\/wp\/v2\/media\/3267"}],"wp:attachment":[{"href":"https:\/\/agora.xtec.cat\/zer-pedrera\/wp-json\/wp\/v2\/media?parent=3265"}],"wp:term":[{"taxonomy":"category","embeddable":true,"href":"https:\/\/agora.xtec.cat\/zer-pedrera\/wp-json\/wp\/v2\/categories?post=3265"},{"taxonomy":"post_tag","embeddable":true,"href":"https:\/\/agora.xtec.cat\/zer-pedrera\/wp-json\/wp\/v2\/tags?post=3265"}],"curies":[{"name":"wp","href":"https:\/\/api.w.org\/{rel}","templated":true}]}}