{"id":3253,"date":"2020-12-10T17:50:27","date_gmt":"2020-12-10T16:50:27","guid":{"rendered":"http:\/\/agora.xtec.cat\/zer-pedrera\/?p=3253"},"modified":"2020-12-10T18:16:44","modified_gmt":"2020-12-10T17:16:44","slug":"ja-ha-arribat-el-tio-a-lescola-porcel-de-cervera","status":"publish","type":"post","link":"https:\/\/agora.xtec.cat\/zer-pedrera\/general\/ja-ha-arribat-el-tio-a-lescola-porcel-de-cervera\/","title":{"rendered":"Ja ha arribat el ti\u00f3 a l&#8217;escola Porcel de Cervera"},"content":{"rendered":"<p>Ahir dimecres, a l&#8217;hora del pati, els nens i nenes de la classe dels petits van trobat al ti\u00f3 dins la reixa de la llar d&#8217;infants. La veritat \u00e9s que quan van sortit al pati estaven a l&#8217;aguait, ja que al mat\u00ed la senyoreta Encarna havia trobat a la b\u00fastia una carta del nostre antic ti\u00f3, informant-nos que aquest any ell ja no podia venir i que venia un altre ti\u00f3 que era molt eixerit. Despr\u00e9s d&#8217;ensenyar-lo als nens i nenes de la classe dels grans el van entrar, el van tapar i li van donar menjar i aigua. De ben segur que aquests dies, de\u00a0 menjar, no n&#8217;hi faltar\u00e0!!!!<\/p>\n<p>Per cert, no portava barretina!!!! On la deu tenir? En uns dies us explicarem on se la va deixar!!!!<\/p>\n<p><img loading=\"lazy\" decoding=\"async\" class=\"aligncenter size-full wp-image-3254\" src=\"https:\/\/agora.xtec.cat\/zer-pedrera\/wp-content\/uploads\/usu1473\/2020\/12\/Portada-2.jpg\" alt=\"\" width=\"250\" height=\"188\" srcset=\"https:\/\/agora.xtec.cat\/zer-pedrera\/wp-content\/uploads\/usu1473\/2020\/12\/Portada-2.jpg 250w, https:\/\/agora.xtec.cat\/zer-pedrera\/wp-content\/uploads\/usu1473\/2020\/12\/Portada-2-200x150.jpg 200w\" sizes=\"auto, (max-width: 250px) 100vw, 250px\" \/><\/p>\n<p>Si voleu veure m\u00e9s imatges cliqueu <a href=\"https:\/\/photos.app.goo.gl\/PwKUa1W9wfaYrava6\">AQU\u00cd.<\/a><\/p>\n","protected":false},"excerpt":{"rendered":"<p>Ahir dimecres, a l&#8217;hora del pati, els nens i nenes de la classe dels petits van trobat al ti\u00f3 dins la reixa de la llar d&#8217;infants. La veritat \u00e9s que quan van sortit al pati estaven a l&#8217;aguait, ja que al mat\u00ed la senyoreta Encarna&hellip;  <a href=\"https:\/\/agora.xtec.cat\/zer-pedrera\/general\/ja-ha-arribat-el-tio-a-lescola-porcel-de-cervera\/\" title=\"Read Ja ha arribat el ti\u00f3 a l&#8217;escola Porcel de Cervera\">Llegeix m\u00e9s\u00bb<\/a><\/p>\n","protected":false},"author":1,"featured_media":3254,"comment_status":"open","ping_status":"closed","sticky":false,"template":"","format":"standard","meta":{"_bbp_topic_count":0,"_bbp_reply_count":0,"_bbp_total_topic_count":0,"_bbp_total_reply_count":0,"_bbp_voice_count":0,"_bbp_anonymous_reply_count":0,"_bbp_topic_count_hidden":0,"_bbp_reply_count_hidden":0,"_bbp_forum_subforum_count":0,"footnotes":""},"categories":[113,111,1,29,89],"tags":[],"class_list":["post-3253","post","type-post","status-publish","format-standard","has-post-thumbnail","hentry","category-e-infantil","category-escola-porcel-de-cervera","category-general","category-portada","category-primaria"],"post_mailing_queue_ids":[],"_links":{"self":[{"href":"https:\/\/agora.xtec.cat\/zer-pedrera\/wp-json\/wp\/v2\/posts\/3253","targetHints":{"allow":["GET"]}}],"collection":[{"href":"https:\/\/agora.xtec.cat\/zer-pedrera\/wp-json\/wp\/v2\/posts"}],"about":[{"href":"https:\/\/agora.xtec.cat\/zer-pedrera\/wp-json\/wp\/v2\/types\/post"}],"author":[{"embeddable":true,"href":"https:\/\/agora.xtec.cat\/zer-pedrera\/wp-json\/wp\/v2\/users\/1"}],"replies":[{"embeddable":true,"href":"https:\/\/agora.xtec.cat\/zer-pedrera\/wp-json\/wp\/v2\/comments?post=3253"}],"version-history":[{"count":1,"href":"https:\/\/agora.xtec.cat\/zer-pedrera\/wp-json\/wp\/v2\/posts\/3253\/revisions"}],"predecessor-version":[{"id":3255,"href":"https:\/\/agora.xtec.cat\/zer-pedrera\/wp-json\/wp\/v2\/posts\/3253\/revisions\/3255"}],"wp:featuredmedia":[{"embeddable":true,"href":"https:\/\/agora.xtec.cat\/zer-pedrera\/wp-json\/wp\/v2\/media\/3254"}],"wp:attachment":[{"href":"https:\/\/agora.xtec.cat\/zer-pedrera\/wp-json\/wp\/v2\/media?parent=3253"}],"wp:term":[{"taxonomy":"category","embeddable":true,"href":"https:\/\/agora.xtec.cat\/zer-pedrera\/wp-json\/wp\/v2\/categories?post=3253"},{"taxonomy":"post_tag","embeddable":true,"href":"https:\/\/agora.xtec.cat\/zer-pedrera\/wp-json\/wp\/v2\/tags?post=3253"}],"curies":[{"name":"wp","href":"https:\/\/api.w.org\/{rel}","templated":true}]}}