{"id":3241,"date":"2020-12-08T20:29:23","date_gmt":"2020-12-08T19:29:23","guid":{"rendered":"http:\/\/agora.xtec.cat\/zer-pedrera\/?p=3241"},"modified":"2020-12-08T20:29:47","modified_gmt":"2020-12-08T19:29:47","slug":"exposicions-orals-dels-alumnes-de-ci-cm-i-cs","status":"publish","type":"post","link":"https:\/\/agora.xtec.cat\/zer-pedrera\/general\/exposicions-orals-dels-alumnes-de-ci-cm-i-cs\/","title":{"rendered":"Exposicions orals dels alumnes de CI, CM i CS"},"content":{"rendered":"<p>Com a culminaci\u00f3 dels projectes realitzats durant el primer trimestre, els alumnes d&#8217;educaci\u00f3 Prim\u00e0ria de l&#8217;escola Abat Ruera hem compartit els nostres aprenentatges. Ha estat d&#8217;all\u00f2 m\u00e9s interessant! Alhora, ens hem adonat que \u00e9s molt important aprendre a parlar correctament davant el p\u00fablic.<\/p>\n<p><iframe loading=\"lazy\" title=\"Exposicions projecte Medi 1r trimestre CI CM CS\" width=\"500\" height=\"281\" src=\"https:\/\/www.youtube.com\/embed\/ajGlIW_OBII?feature=oembed\" frameborder=\"0\" allow=\"accelerometer; autoplay; clipboard-write; encrypted-media; gyroscope; picture-in-picture; web-share\" referrerpolicy=\"strict-origin-when-cross-origin\" allowfullscreen><\/iframe><\/p>\n<p>&nbsp;<\/p>\n<p>&nbsp;<\/p>\n","protected":false},"excerpt":{"rendered":"<p>Com a culminaci\u00f3 dels projectes realitzats durant el primer trimestre, els alumnes d&#8217;educaci\u00f3 Prim\u00e0ria de l&#8217;escola Abat Ruera hem compartit els nostres aprenentatges. Ha estat d&#8217;all\u00f2 m\u00e9s interessant! Alhora, ens hem adonat que \u00e9s molt important aprendre a parlar correctament davant el p\u00fablic.<\/p>\n<p>&nbsp;<br \/>\n&nbsp;<\/p>\n","protected":false},"author":1,"featured_media":3242,"comment_status":"open","ping_status":"closed","sticky":false,"template":"","format":"standard","meta":{"_bbp_topic_count":0,"_bbp_reply_count":0,"_bbp_total_topic_count":0,"_bbp_total_reply_count":0,"_bbp_voice_count":0,"_bbp_anonymous_reply_count":0,"_bbp_topic_count_hidden":0,"_bbp_reply_count_hidden":0,"_bbp_forum_subforum_count":0,"footnotes":""},"categories":[110,1,29,89],"tags":[],"class_list":["post-3241","post","type-post","status-publish","format-standard","has-post-thumbnail","hentry","category-escola-abat-ruera","category-general","category-portada","category-primaria"],"post_mailing_queue_ids":[],"_links":{"self":[{"href":"https:\/\/agora.xtec.cat\/zer-pedrera\/wp-json\/wp\/v2\/posts\/3241","targetHints":{"allow":["GET"]}}],"collection":[{"href":"https:\/\/agora.xtec.cat\/zer-pedrera\/wp-json\/wp\/v2\/posts"}],"about":[{"href":"https:\/\/agora.xtec.cat\/zer-pedrera\/wp-json\/wp\/v2\/types\/post"}],"author":[{"embeddable":true,"href":"https:\/\/agora.xtec.cat\/zer-pedrera\/wp-json\/wp\/v2\/users\/1"}],"replies":[{"embeddable":true,"href":"https:\/\/agora.xtec.cat\/zer-pedrera\/wp-json\/wp\/v2\/comments?post=3241"}],"version-history":[{"count":1,"href":"https:\/\/agora.xtec.cat\/zer-pedrera\/wp-json\/wp\/v2\/posts\/3241\/revisions"}],"predecessor-version":[{"id":3243,"href":"https:\/\/agora.xtec.cat\/zer-pedrera\/wp-json\/wp\/v2\/posts\/3241\/revisions\/3243"}],"wp:featuredmedia":[{"embeddable":true,"href":"https:\/\/agora.xtec.cat\/zer-pedrera\/wp-json\/wp\/v2\/media\/3242"}],"wp:attachment":[{"href":"https:\/\/agora.xtec.cat\/zer-pedrera\/wp-json\/wp\/v2\/media?parent=3241"}],"wp:term":[{"taxonomy":"category","embeddable":true,"href":"https:\/\/agora.xtec.cat\/zer-pedrera\/wp-json\/wp\/v2\/categories?post=3241"},{"taxonomy":"post_tag","embeddable":true,"href":"https:\/\/agora.xtec.cat\/zer-pedrera\/wp-json\/wp\/v2\/tags?post=3241"}],"curies":[{"name":"wp","href":"https:\/\/api.w.org\/{rel}","templated":true}]}}